{"id":75592,"date":"2025-08-15T06:00:24","date_gmt":"2025-08-15T04:00:24","guid":{"rendered":"https:\/\/radiokfor.com\/1\/?p=75592"},"modified":"2025-08-14T14:55:05","modified_gmt":"2025-08-14T12:55:05","slug":"madheshtia-qendron-edhe-ne-gjestet-e-vogla","status":"publish","type":"post","link":"https:\/\/radiokfor.com\/1\/madheshtia-qendron-edhe-ne-gjestet-e-vogla\/","title":{"rendered":"Madh\u00ebshtia q\u00ebndron edhe n\u00eb gjestet e vogla"},"content":{"rendered":"<p>N\u00eb nj\u00eb bot\u00eb gjithnj\u00eb e m\u00eb t\u00eb p\u00ebrqendruar te sfidat, krizat dhe lajmet negative &#8220;Dita Bot\u00ebrore e Madh\u00ebshtis\u00eb\u201d, vjen si nj\u00eb moment reflektimi dhe frym\u00ebzimi p\u00ebr njer\u00ebzit anemban\u00eb globit. Kjo dit\u00eb nuk ka t\u00eb b\u00ebj\u00eb vet\u00ebm me suksesin personal apo arritjet madh\u00ebshtore n\u00eb kuptimin klasik, por me vler\u00ebsimin e potencialit njer\u00ebzor, frym\u00ebn e solidaritetit dhe p\u00ebrhapjen e vlerave pozitive n\u00eb shoq\u00ebri. Pik\u00ebrisht sot (15.08.25), sh\u00ebnohet \u201cDita Bot\u00ebrore e Madh\u00ebshtis\u00eb\u201d, p\u00ebr t\u00eb na kujtuar r\u00ebnd\u00ebsin\u00eb e mir\u00ebnjohjes dhe vler\u00ebsimit t\u00eb atyre q\u00eb kan\u00eb ndikuar pozitivisht n\u00eb jet\u00ebn ton\u00eb, qofshin prind\u00ebr, miqt\u00eb, m\u00ebsuesit apo koleg\u00ebt.<\/p>\n<p>Q\u00ebllimi i k\u00ebsaj dite \u00ebsht\u00eb t\u00eb na nxis\u00eb t\u00eb festojm\u00eb madh\u00ebshtin\u00eb kudo q\u00eb ajo shfaqet, jo vet\u00ebm tek t\u00eb tjer\u00ebt, por edhe brenda vetes son\u00eb. Sot festojm\u00eb dhe vler\u00ebsojm\u00eb madh\u00ebshtin\u00eb e gjithsecilit njeri, sidomos m\u00ebsuesit q\u00eb ndikojn\u00eb n\u00eb breza, prind\u00ebrit q\u00eb sakrifikojn\u00eb \u00e7do dit\u00eb, vullnetar\u00ebt apo p\u00ebr \u00e7do njeri q\u00eb b\u00ebn mir\u00eb n\u00eb heshtje.<\/p>\n<p>Le t\u00eb na sh\u00ebrbej\u00eb dita e sotme p\u00ebr t\u00eb promovuar vlera si mir\u00ebsia, ndershm\u00ebria, p\u00ebrkushtimi, guximi dhe empatia, t\u00eb cilat jan\u00eb baza e \u00e7do shoq\u00ebrie t\u00eb sh\u00ebndetshme dhe t\u00eb drejt\u00eb.<\/p>\n","protected":false},"excerpt":{"rendered":"<p>N\u00eb nj\u00eb bot\u00eb gjithnj\u00eb e m\u00eb t\u00eb p\u00ebrqendruar te sfidat, krizat dhe lajmet negative &#8220;Dita Bot\u00ebrore e Madh\u00ebshtis\u00eb\u201d, vjen si nj\u00eb moment reflektimi dhe frym\u00ebzimi p\u00ebr njer\u00ebzit anemban\u00eb globit. Kjo dit\u00eb nuk ka t\u00eb b\u00ebj\u00eb vet\u00ebm me suksesin personal apo arritjet madh\u00ebshtore n\u00eb kuptimin klasik, por me vler\u00ebsimin e potencialit njer\u00ebzor, frym\u00ebn e solidaritetit dhe&hellip;<\/p>\n","protected":false},"author":3,"featured_media":75593,"comment_status":"closed","ping_status":"closed","sticky":false,"template":"","format":"standard","meta":{"_monsterinsights_skip_tracking":false,"_monsterinsights_sitenote_active":false,"_monsterinsights_sitenote_note":"","_monsterinsights_sitenote_category":0,"footnotes":""},"categories":[2],"tags":[],"class_list":["post-75592","post","type-post","status-publish","format-standard","has-post-thumbnail","hentry","category-news","category-2","description-off"],"_links":{"self":[{"href":"https:\/\/radiokfor.com\/1\/wp-json\/wp\/v2\/posts\/75592","targetHints":{"allow":["GET"]}}],"collection":[{"href":"https:\/\/radiokfor.com\/1\/wp-json\/wp\/v2\/posts"}],"about":[{"href":"https:\/\/radiokfor.com\/1\/wp-json\/wp\/v2\/types\/post"}],"author":[{"embeddable":true,"href":"https:\/\/radiokfor.com\/1\/wp-json\/wp\/v2\/users\/3"}],"replies":[{"embeddable":true,"href":"https:\/\/radiokfor.com\/1\/wp-json\/wp\/v2\/comments?post=75592"}],"version-history":[{"count":1,"href":"https:\/\/radiokfor.com\/1\/wp-json\/wp\/v2\/posts\/75592\/revisions"}],"predecessor-version":[{"id":75594,"href":"https:\/\/radiokfor.com\/1\/wp-json\/wp\/v2\/posts\/75592\/revisions\/75594"}],"wp:featuredmedia":[{"embeddable":true,"href":"https:\/\/radiokfor.com\/1\/wp-json\/wp\/v2\/media\/75593"}],"wp:attachment":[{"href":"https:\/\/radiokfor.com\/1\/wp-json\/wp\/v2\/media?parent=75592"}],"wp:term":[{"taxonomy":"category","embeddable":true,"href":"https:\/\/radiokfor.com\/1\/wp-json\/wp\/v2\/categories?post=75592"},{"taxonomy":"post_tag","embeddable":true,"href":"https:\/\/radiokfor.com\/1\/wp-json\/wp\/v2\/tags?post=75592"}],"curies":[{"name":"wp","href":"https:\/\/api.w.org\/{rel}","templated":true}]}}