{"id":75574,"date":"2025-08-14T09:56:56","date_gmt":"2025-08-14T07:56:56","guid":{"rendered":"https:\/\/radiokfor.com\/1\/?p=75574"},"modified":"2025-08-14T09:56:56","modified_gmt":"2025-08-14T07:56:56","slug":"gushti-muaji-qe-na-kujton-rendesine-e-romances-ne-jeten-tone","status":"publish","type":"post","link":"https:\/\/radiokfor.com\/1\/gushti-muaji-qe-na-kujton-rendesine-e-romances-ne-jeten-tone\/","title":{"rendered":"Gushti, muaji q\u00eb na kujton r\u00ebnd\u00ebsin\u00eb e romanc\u00ebs n\u00eb jet\u00ebn ton\u00eb"},"content":{"rendered":"<p>Nd\u00ebrsa vera arrin kulmin dhe dit\u00ebt jan\u00eb t\u00eb ngrohta e plot me diell, gushti sjell me vete nj\u00eb ftes\u00eb t\u00eb ve\u00e7ant\u00eb: t\u00eb ndalemi p\u00ebr nj\u00eb moment dhe t\u00eb mendojm\u00eb p\u00ebr romanc\u00ebn, at\u00eb ndjenj\u00eb q\u00eb na lidh, na emocionon dhe i jep shpirt marr\u00ebdh\u00ebnieve tona.<\/p>\n<p>Sh\u00ebnimi i romanc\u00ebs n\u00eb k\u00ebt\u00eb muaj erdhi si ide dhe u krijua nga Eileen Buchheim, themeluese e kompanis\u00eb \u2018Celebrate Romance\u2019, n\u00eb Kaliforni. Ajo filloi duke ndihmuar \u00e7ifte t\u00eb planifikojn\u00eb takime romantike p\u00ebr t\u00eb kaluar koh\u00eb s\u00eb bashku.\u00a0Q\u00ebllimi i saj ishte t\u00eb frym\u00ebzonte \u00e7ifte p\u00ebr t\u00eb rifreskuar pasionin dhe romanc\u00ebn n\u00eb lidhjet e tyre gjat\u00eb gjith\u00eb vitit, jo vet\u00ebm p\u00ebr Sh\u00ebn Valentin. Muaji i Nd\u00ebrgjegj\u00ebsimit p\u00ebr Romanc\u00ebn, \u00ebsht\u00eb nj\u00eb mund\u00ebsi p\u00ebr t\u00eb reflektuar mbi m\u00ebnyrat se si e shprehim dashurin\u00eb dhe kujdesin ndaj partnerit apo partneres ton\u00eb.<\/p>\n<p>Ky muaj nuk \u00ebsht\u00eb vet\u00ebm p\u00ebr ata q\u00eb jan\u00eb n\u00eb nj\u00eb lidhje. \u00cbsht\u00eb edhe p\u00ebr t\u00eb reflektuar mbi m\u00ebnyr\u00ebn se si e duam dhe e vler\u00ebsojm\u00eb veten. Romanca fillon nga brenda dhe ta trajtosh veten me dashuri, respekt dhe kujdes \u00ebsht\u00eb po aq e r\u00ebnd\u00ebsishme sa \u00e7do marr\u00ebdh\u00ebnie tjet\u00ebr.<\/p>\n","protected":false},"excerpt":{"rendered":"<p>Nd\u00ebrsa vera arrin kulmin dhe dit\u00ebt jan\u00eb t\u00eb ngrohta e plot me diell, gushti sjell me vete nj\u00eb ftes\u00eb t\u00eb ve\u00e7ant\u00eb: t\u00eb ndalemi p\u00ebr nj\u00eb moment dhe t\u00eb mendojm\u00eb p\u00ebr romanc\u00ebn, at\u00eb ndjenj\u00eb q\u00eb na lidh, na emocionon dhe i jep shpirt marr\u00ebdh\u00ebnieve tona. Sh\u00ebnimi i romanc\u00ebs n\u00eb k\u00ebt\u00eb muaj erdhi si ide dhe u&hellip;<\/p>\n","protected":false},"author":3,"featured_media":75575,"comment_status":"closed","ping_status":"closed","sticky":false,"template":"","format":"standard","meta":{"_monsterinsights_skip_tracking":false,"_monsterinsights_sitenote_active":false,"_monsterinsights_sitenote_note":"","_monsterinsights_sitenote_category":0,"footnotes":""},"categories":[2],"tags":[],"class_list":["post-75574","post","type-post","status-publish","format-standard","has-post-thumbnail","hentry","category-news","category-2","description-off"],"_links":{"self":[{"href":"https:\/\/radiokfor.com\/1\/wp-json\/wp\/v2\/posts\/75574","targetHints":{"allow":["GET"]}}],"collection":[{"href":"https:\/\/radiokfor.com\/1\/wp-json\/wp\/v2\/posts"}],"about":[{"href":"https:\/\/radiokfor.com\/1\/wp-json\/wp\/v2\/types\/post"}],"author":[{"embeddable":true,"href":"https:\/\/radiokfor.com\/1\/wp-json\/wp\/v2\/users\/3"}],"replies":[{"embeddable":true,"href":"https:\/\/radiokfor.com\/1\/wp-json\/wp\/v2\/comments?post=75574"}],"version-history":[{"count":1,"href":"https:\/\/radiokfor.com\/1\/wp-json\/wp\/v2\/posts\/75574\/revisions"}],"predecessor-version":[{"id":75576,"href":"https:\/\/radiokfor.com\/1\/wp-json\/wp\/v2\/posts\/75574\/revisions\/75576"}],"wp:featuredmedia":[{"embeddable":true,"href":"https:\/\/radiokfor.com\/1\/wp-json\/wp\/v2\/media\/75575"}],"wp:attachment":[{"href":"https:\/\/radiokfor.com\/1\/wp-json\/wp\/v2\/media?parent=75574"}],"wp:term":[{"taxonomy":"category","embeddable":true,"href":"https:\/\/radiokfor.com\/1\/wp-json\/wp\/v2\/categories?post=75574"},{"taxonomy":"post_tag","embeddable":true,"href":"https:\/\/radiokfor.com\/1\/wp-json\/wp\/v2\/tags?post=75574"}],"curies":[{"name":"wp","href":"https:\/\/api.w.org\/{rel}","templated":true}]}}