{"id":75486,"date":"2025-08-12T06:00:25","date_gmt":"2025-08-12T04:00:25","guid":{"rendered":"https:\/\/radiokfor.com\/1\/?p=75486"},"modified":"2025-08-01T10:32:04","modified_gmt":"2025-08-01T08:32:04","slug":"te-rinjte-si-force-levizese-per-nje-te-ardhme-me-te-drejte-dhe-te-qendrueshme","status":"publish","type":"post","link":"https:\/\/radiokfor.com\/1\/te-rinjte-si-force-levizese-per-nje-te-ardhme-me-te-drejte-dhe-te-qendrueshme\/","title":{"rendered":"T\u00eb rinjt\u00eb si forc\u00eb l\u00ebviz\u00ebse p\u00ebr nj\u00eb t\u00eb ardhme m\u00eb t\u00eb drejt\u00eb dhe t\u00eb q\u00ebndrueshme"},"content":{"rendered":"<p>\u201cDita Nd\u00ebrkomb\u00ebtare e Rinis\u00eb\u201d, sh\u00ebnohet \u00e7do vit m\u00eb 12 gusht, p\u00ebr t\u00eb sjell\u00eb n\u00eb v\u00ebmendjen e komunitetit nd\u00ebrkomb\u00ebtar \u00e7\u00ebshtjet e t\u00eb rinjve dhe duke festuar potencialin e t\u00eb rinjve n\u00eb nd\u00ebrtimin e \u00a0urave t\u00eb bashk\u00ebpunimit global, p\u00ebr nj\u00eb bot\u00eb m\u00eb t\u00eb drejt\u00eb.<\/p>\n<p>Tema n\u00ebn t\u00eb cil\u00ebn sivjet sh\u00ebnohet kjo dit\u00eb, \u00ebsht\u00eb <em>\u201cVeprimet Lokale t\u00eb Rinis\u00eb p\u00ebr Q\u00ebllimet e Zhvillimit t\u00eb Q\u00ebndruesh\u00ebm dhe P\u00ebrtej\u201d. <\/em>Pik\u00ebrisht kjo tem\u00eb, thekson rolin e paz\u00ebvend\u00ebsuesh\u00ebm t\u00eb t\u00eb rinjve n\u00eb kthimin e objektivave globale n\u00eb veprime konkrete n\u00eb nivel komuniteti. \u201cDita Nd\u00ebrkomb\u00ebtare e Rinis\u00eb\u201d sivjet, thekson gjithashtu rolin jet\u00ebsor t\u00eb qeverive lokale dhe rajonale. Duke integruar prioritetet e t\u00eb rinjve n\u00eb strategjit\u00eb lokale dhe rajonale dhe duke nxitur partneritete me organizatat rinore, autoritetet duke bashk\u00ebpunuar me t\u00eb rinjt\u00eb, mund t\u00eb p\u00ebrkthejn\u00eb idet\u00eb e t\u00eb rinjve n\u00eb zgjidhje me ndikim. Sh\u00ebnimi i k\u00ebsaj dite sivjet, ka nj\u00eb r\u00ebnd\u00ebsi t\u00eb ve\u00e7ant\u00eb, pasi p\u00ebrkon me 30-vjetorin e Programit Bot\u00ebror t\u00eb Veprimit p\u00ebr Rinin\u00eb, i cili mbetet nj\u00eb korniz\u00eb udh\u00ebzuese p\u00ebr njohjen e t\u00eb rinjve si aktor\u00eb ky\u00e7 n\u00eb zhvillimin e q\u00ebndruesh\u00ebm.<\/p>\n<p>Sa i p\u00ebrket historikut, ideja p\u00ebr \u201cDit\u00ebn Nd\u00ebrkomb\u00ebtare t\u00eb Rinis\u00eb\u201d, u propozua n\u00eb vitin 1991 nga t\u00eb rinjt\u00eb e mbledhur n\u00eb Vjen\u00eb t\u00eb Austris\u00eb, gjat\u00eb sesionit t\u00eb par\u00eb t\u00eb Forumit Bot\u00ebror Rinor t\u00eb Kombeve t\u00eb Bashkuara. N\u00eb vitin 1998, gjat\u00eb sesionit t\u00eb par\u00eb t\u00eb Konferenc\u00ebs Bot\u00ebrore t\u00eb Ministrave P\u00ebrgjegj\u00ebs p\u00ebr Rinin\u00eb, u miratua nj\u00eb rezolut\u00eb, q\u00eb e shpalli 12 gushtin si \u201cDit\u00eb Nd\u00ebrkomb\u00ebtare t\u00eb Rinis\u00eb\u201d.<\/p>\n","protected":false},"excerpt":{"rendered":"<p>\u201cDita Nd\u00ebrkomb\u00ebtare e Rinis\u00eb\u201d, sh\u00ebnohet \u00e7do vit m\u00eb 12 gusht, p\u00ebr t\u00eb sjell\u00eb n\u00eb v\u00ebmendjen e komunitetit nd\u00ebrkomb\u00ebtar \u00e7\u00ebshtjet e t\u00eb rinjve dhe duke festuar potencialin e t\u00eb rinjve n\u00eb nd\u00ebrtimin e \u00a0urave t\u00eb bashk\u00ebpunimit global, p\u00ebr nj\u00eb bot\u00eb m\u00eb t\u00eb drejt\u00eb. Tema n\u00ebn t\u00eb cil\u00ebn sivjet sh\u00ebnohet kjo dit\u00eb, \u00ebsht\u00eb \u201cVeprimet Lokale t\u00eb Rinis\u00eb&hellip;<\/p>\n","protected":false},"author":3,"featured_media":75487,"comment_status":"closed","ping_status":"closed","sticky":false,"template":"","format":"standard","meta":{"_monsterinsights_skip_tracking":false,"_monsterinsights_sitenote_active":false,"_monsterinsights_sitenote_note":"","_monsterinsights_sitenote_category":0,"footnotes":""},"categories":[2],"tags":[],"class_list":["post-75486","post","type-post","status-publish","format-standard","has-post-thumbnail","hentry","category-news","category-2","description-off"],"_links":{"self":[{"href":"https:\/\/radiokfor.com\/1\/wp-json\/wp\/v2\/posts\/75486","targetHints":{"allow":["GET"]}}],"collection":[{"href":"https:\/\/radiokfor.com\/1\/wp-json\/wp\/v2\/posts"}],"about":[{"href":"https:\/\/radiokfor.com\/1\/wp-json\/wp\/v2\/types\/post"}],"author":[{"embeddable":true,"href":"https:\/\/radiokfor.com\/1\/wp-json\/wp\/v2\/users\/3"}],"replies":[{"embeddable":true,"href":"https:\/\/radiokfor.com\/1\/wp-json\/wp\/v2\/comments?post=75486"}],"version-history":[{"count":1,"href":"https:\/\/radiokfor.com\/1\/wp-json\/wp\/v2\/posts\/75486\/revisions"}],"predecessor-version":[{"id":75488,"href":"https:\/\/radiokfor.com\/1\/wp-json\/wp\/v2\/posts\/75486\/revisions\/75488"}],"wp:featuredmedia":[{"embeddable":true,"href":"https:\/\/radiokfor.com\/1\/wp-json\/wp\/v2\/media\/75487"}],"wp:attachment":[{"href":"https:\/\/radiokfor.com\/1\/wp-json\/wp\/v2\/media?parent=75486"}],"wp:term":[{"taxonomy":"category","embeddable":true,"href":"https:\/\/radiokfor.com\/1\/wp-json\/wp\/v2\/categories?post=75486"},{"taxonomy":"post_tag","embeddable":true,"href":"https:\/\/radiokfor.com\/1\/wp-json\/wp\/v2\/tags?post=75486"}],"curies":[{"name":"wp","href":"https:\/\/api.w.org\/{rel}","templated":true}]}}