{"id":75138,"date":"2025-07-05T06:02:33","date_gmt":"2025-07-05T04:02:33","guid":{"rendered":"https:\/\/radiokfor.com\/1\/?p=75138"},"modified":"2025-06-20T10:06:49","modified_gmt":"2025-06-20T08:06:49","slug":"roli-i-kooperativave-dhe-fuqia-e-bashkepunimit","status":"publish","type":"post","link":"https:\/\/radiokfor.com\/1\/roli-i-kooperativave-dhe-fuqia-e-bashkepunimit\/","title":{"rendered":"Roli i kooperativave dhe fuqia e bashk\u00ebpunimit"},"content":{"rendered":"<p>Kooperativat jan\u00eb organizata q\u00eb formohen nga nj\u00eb grup njer\u00ebzish t\u00eb cil\u00ebt bashkohen vullnetarisht p\u00ebr t\u00eb p\u00ebrmbushur nevojat dhe q\u00ebllimet e tyre t\u00eb p\u00ebrbashk\u00ebta ekonomike, sociale dhe kulturore, p\u00ebrmes nj\u00eb biznesi q\u00eb e zot\u00ebrojn\u00eb dhe e menaxhojn\u00eb n\u00eb m\u00ebnyr\u00eb demokratike.<\/p>\n<p>\u00c7do vit, t\u00eb shtun\u00ebn e par\u00eb t\u00eb muajit korrik, bota sh\u00ebnon \u2018Dit\u00ebn Nd\u00ebrkomb\u00ebtare t\u00eb Kooperativave\u2019, q\u00eb i kushtohet vler\u00ebsimit t\u00eb rolit jetik q\u00eb luajn\u00eb kooperativat n\u00eb zhvillimin ekonomik, social dhe mjedisor t\u00eb komuniteteve n\u00eb mbar\u00eb bot\u00ebn.\u00a0 Kjo dit\u00eb u shpall nga Kombet e Bashkuara n\u00eb vitin 1995, p\u00ebr t\u00eb p\u00ebrkujtuar 100-vjetorin e Aleanc\u00ebs Nd\u00ebrkomb\u00ebtare t\u00eb Kooperativave, nd\u00ebrsa kooperativat si l\u00ebvizje, datojn\u00eb nga fundi i shekullit t\u00eb 19-t\u00eb.<\/p>\n<p>Kooperativat funksionojn\u00eb n\u00eb shum\u00eb sektor\u00eb: bujq\u00ebsi, energji t\u00eb rip\u00ebrt\u00ebritshme, sh\u00ebrbime financiare, strehim, tregti dhe arsim. Ato jan\u00eb modele biznesi t\u00eb bazuara n\u00eb vlera si solidariteti, vet\u00eb-ndihma, p\u00ebrgjegj\u00ebsia, barazia, drejt\u00ebsia dhe demokracia. Sipas OKB-s\u00eb, m\u00eb shum\u00eb se 1 miliard njer\u00ebz n\u00eb bot\u00eb jan\u00eb an\u00ebtar\u00eb t\u00eb nj\u00eb kooperative dhe mbi 280 milion\u00eb pun\u00eb t\u00eb ndryshme, jan\u00eb t\u00eb lidhura me k\u00ebt\u00eb model ekonomik, duke d\u00ebshmuar p\u00ebr rolin e tyre t\u00eb r\u00ebnd\u00ebsish\u00ebm n\u00eb ekonomin\u00eb globale.<\/p>\n","protected":false},"excerpt":{"rendered":"<p>Kooperativat jan\u00eb organizata q\u00eb formohen nga nj\u00eb grup njer\u00ebzish t\u00eb cil\u00ebt bashkohen vullnetarisht p\u00ebr t\u00eb p\u00ebrmbushur nevojat dhe q\u00ebllimet e tyre t\u00eb p\u00ebrbashk\u00ebta ekonomike, sociale dhe kulturore, p\u00ebrmes nj\u00eb biznesi q\u00eb e zot\u00ebrojn\u00eb dhe e menaxhojn\u00eb n\u00eb m\u00ebnyr\u00eb demokratike. \u00c7do vit, t\u00eb shtun\u00ebn e par\u00eb t\u00eb muajit korrik, bota sh\u00ebnon \u2018Dit\u00ebn Nd\u00ebrkomb\u00ebtare t\u00eb Kooperativave\u2019, q\u00eb&hellip;<\/p>\n","protected":false},"author":3,"featured_media":75139,"comment_status":"closed","ping_status":"closed","sticky":false,"template":"","format":"standard","meta":{"_monsterinsights_skip_tracking":false,"_monsterinsights_sitenote_active":false,"_monsterinsights_sitenote_note":"","_monsterinsights_sitenote_category":0,"footnotes":""},"categories":[2],"tags":[],"class_list":["post-75138","post","type-post","status-publish","format-standard","has-post-thumbnail","hentry","category-news","category-2","description-off"],"_links":{"self":[{"href":"https:\/\/radiokfor.com\/1\/wp-json\/wp\/v2\/posts\/75138","targetHints":{"allow":["GET"]}}],"collection":[{"href":"https:\/\/radiokfor.com\/1\/wp-json\/wp\/v2\/posts"}],"about":[{"href":"https:\/\/radiokfor.com\/1\/wp-json\/wp\/v2\/types\/post"}],"author":[{"embeddable":true,"href":"https:\/\/radiokfor.com\/1\/wp-json\/wp\/v2\/users\/3"}],"replies":[{"embeddable":true,"href":"https:\/\/radiokfor.com\/1\/wp-json\/wp\/v2\/comments?post=75138"}],"version-history":[{"count":1,"href":"https:\/\/radiokfor.com\/1\/wp-json\/wp\/v2\/posts\/75138\/revisions"}],"predecessor-version":[{"id":75140,"href":"https:\/\/radiokfor.com\/1\/wp-json\/wp\/v2\/posts\/75138\/revisions\/75140"}],"wp:featuredmedia":[{"embeddable":true,"href":"https:\/\/radiokfor.com\/1\/wp-json\/wp\/v2\/media\/75139"}],"wp:attachment":[{"href":"https:\/\/radiokfor.com\/1\/wp-json\/wp\/v2\/media?parent=75138"}],"wp:term":[{"taxonomy":"category","embeddable":true,"href":"https:\/\/radiokfor.com\/1\/wp-json\/wp\/v2\/categories?post=75138"},{"taxonomy":"post_tag","embeddable":true,"href":"https:\/\/radiokfor.com\/1\/wp-json\/wp\/v2\/tags?post=75138"}],"curies":[{"name":"wp","href":"https:\/\/api.w.org\/{rel}","templated":true}]}}