{"id":75132,"date":"2025-06-25T06:00:55","date_gmt":"2025-06-25T04:00:55","guid":{"rendered":"https:\/\/radiokfor.com\/1\/?p=75132"},"modified":"2025-06-19T15:03:55","modified_gmt":"2025-06-19T13:03:55","slug":"cdo-femije-meriton-arsimim-cilesor-per-nje-te-ardhme-me-te-ndritur","status":"publish","type":"post","link":"https:\/\/radiokfor.com\/1\/cdo-femije-meriton-arsimim-cilesor-per-nje-te-ardhme-me-te-ndritur\/","title":{"rendered":"\u00c7do f\u00ebmij\u00eb meriton arsimim cil\u00ebsor, p\u00ebr nj\u00eb t\u00eb ardhme m\u00eb t\u00eb ndritur"},"content":{"rendered":"<p>\u00c7do vit, muaji qershor sh\u00ebnon nj\u00eb periudh\u00eb t\u00eb ve\u00e7ant\u00eb, nj\u00eb moment reflektimi, angazhimi dhe veprimi p\u00ebr t\u00eb kujtuar, vler\u00ebsuar dhe mb\u00ebshtetur m\u00eb t\u00eb vegjlit tan\u00eb, t\u00eb cil\u00ebt p\u00ebrfaq\u00ebsojn\u00eb shpres\u00ebn m\u00eb t\u00eb madhe p\u00ebr nj\u00eb t\u00eb ardhme m\u00eb t\u00eb ndritur.<\/p>\n<p>F\u00ebmij\u00ebria \u00ebsht\u00eb nj\u00eb periudh\u00eb e art\u00eb, q\u00eb luan rol vendimtar n\u00eb zhvillimin emocional, social dhe fizik t\u00eb \u00e7do individi. Studimet tregojn\u00eb se f\u00ebmij\u00ebt q\u00eb marrin nj\u00eb arsimim cil\u00ebsor n\u00eb vitet e hershme t\u00eb jet\u00ebs s\u00eb tyre, p\u00ebrfitojn\u00eb jo vet\u00ebm profesionalisht, por edhe ekonomikisht n\u00eb t\u00eb ardhmen. Ata kan\u00eb m\u00eb shum\u00eb gjasa t\u00eb ndjekin studimet e larta, t\u00eb ken\u00eb t\u00eb ardhura m\u00eb t\u00eb larta gjat\u00eb gjith\u00eb jet\u00ebs dhe t\u00eb shmangin p\u00ebrfshirjen n\u00eb krime.<\/p>\n<p>Qershori njihet ndryshe edhe si \u201cMuaj i Nd\u00ebrgjegj\u00ebsimit p\u00ebr F\u00ebmij\u00ebt\u201d, q\u00eb fillimisht lindi si nj\u00eb akt kujtese p\u00ebr t\u00eb gjith\u00eb f\u00ebmij\u00ebt q\u00eb humb\u00ebn jet\u00ebn tragjikisht p\u00ebr shkak t\u00eb dhun\u00ebs n\u00eb Amerik\u00eb. Me kalimin e koh\u00ebs, ky muaj \u00ebsht\u00eb shnd\u00ebrruar n\u00eb nj\u00eb nism\u00eb t\u00eb fuqishme p\u00ebr t\u00eb promovuar mir\u00ebqenien, sigurin\u00eb dhe edukimin e f\u00ebmij\u00ebve n\u00eb mbar\u00eb bot\u00ebn.<\/p>\n<p>Gjat\u00eb qershorit, komunitetet inkurajohen t\u00eb organizojn\u00eb aktivitete edukative, kulturore dhe sociale q\u00eb nxisin dashurin\u00eb, vet\u00ebvler\u00ebsimin dhe ndjenj\u00ebn e p\u00ebrkat\u00ebsis\u00eb tek f\u00ebmij\u00ebt. Prind\u00ebrit, m\u00ebsuesit dhe t\u00eb gjith\u00eb dashamir\u00ebsit e f\u00ebmij\u00ebve, ftohen t\u00eb marrin nj\u00eb rol aktiv n\u00eb nd\u00ebrtimin e nj\u00eb bote m\u00eb t\u00eb sigurt dhe m\u00eb t\u00eb drejt\u00eb p\u00ebr brezat q\u00eb vijn\u00eb.<\/p>\n","protected":false},"excerpt":{"rendered":"<p>\u00c7do vit, muaji qershor sh\u00ebnon nj\u00eb periudh\u00eb t\u00eb ve\u00e7ant\u00eb, nj\u00eb moment reflektimi, angazhimi dhe veprimi p\u00ebr t\u00eb kujtuar, vler\u00ebsuar dhe mb\u00ebshtetur m\u00eb t\u00eb vegjlit tan\u00eb, t\u00eb cil\u00ebt p\u00ebrfaq\u00ebsojn\u00eb shpres\u00ebn m\u00eb t\u00eb madhe p\u00ebr nj\u00eb t\u00eb ardhme m\u00eb t\u00eb ndritur. F\u00ebmij\u00ebria \u00ebsht\u00eb nj\u00eb periudh\u00eb e art\u00eb, q\u00eb luan rol vendimtar n\u00eb zhvillimin emocional, social dhe fizik&hellip;<\/p>\n","protected":false},"author":3,"featured_media":75133,"comment_status":"closed","ping_status":"closed","sticky":false,"template":"","format":"standard","meta":{"_monsterinsights_skip_tracking":false,"_monsterinsights_sitenote_active":false,"_monsterinsights_sitenote_note":"","_monsterinsights_sitenote_category":0,"footnotes":""},"categories":[2],"tags":[],"class_list":["post-75132","post","type-post","status-publish","format-standard","has-post-thumbnail","hentry","category-news","category-2","description-off"],"_links":{"self":[{"href":"https:\/\/radiokfor.com\/1\/wp-json\/wp\/v2\/posts\/75132","targetHints":{"allow":["GET"]}}],"collection":[{"href":"https:\/\/radiokfor.com\/1\/wp-json\/wp\/v2\/posts"}],"about":[{"href":"https:\/\/radiokfor.com\/1\/wp-json\/wp\/v2\/types\/post"}],"author":[{"embeddable":true,"href":"https:\/\/radiokfor.com\/1\/wp-json\/wp\/v2\/users\/3"}],"replies":[{"embeddable":true,"href":"https:\/\/radiokfor.com\/1\/wp-json\/wp\/v2\/comments?post=75132"}],"version-history":[{"count":1,"href":"https:\/\/radiokfor.com\/1\/wp-json\/wp\/v2\/posts\/75132\/revisions"}],"predecessor-version":[{"id":75134,"href":"https:\/\/radiokfor.com\/1\/wp-json\/wp\/v2\/posts\/75132\/revisions\/75134"}],"wp:featuredmedia":[{"embeddable":true,"href":"https:\/\/radiokfor.com\/1\/wp-json\/wp\/v2\/media\/75133"}],"wp:attachment":[{"href":"https:\/\/radiokfor.com\/1\/wp-json\/wp\/v2\/media?parent=75132"}],"wp:term":[{"taxonomy":"category","embeddable":true,"href":"https:\/\/radiokfor.com\/1\/wp-json\/wp\/v2\/categories?post=75132"},{"taxonomy":"post_tag","embeddable":true,"href":"https:\/\/radiokfor.com\/1\/wp-json\/wp\/v2\/tags?post=75132"}],"curies":[{"name":"wp","href":"https:\/\/api.w.org\/{rel}","templated":true}]}}