{"id":75051,"date":"2025-06-24T06:02:05","date_gmt":"2025-06-24T04:02:05","guid":{"rendered":"https:\/\/radiokfor.com\/1\/?p=75051"},"modified":"2025-06-16T14:21:45","modified_gmt":"2025-06-16T12:21:45","slug":"petrit-halilaj-sjell-operen-syrigana-ne-bashkepunim-me-filharmonine-e-kosoves","status":"publish","type":"post","link":"https:\/\/radiokfor.com\/1\/petrit-halilaj-sjell-operen-syrigana-ne-bashkepunim-me-filharmonine-e-kosoves\/","title":{"rendered":"Petrit Halilaj sjell oper\u00ebn \u201cSyrigana\u201d, n\u00eb bashk\u00ebpunim me Filharmonin\u00eb e Kosov\u00ebs"},"content":{"rendered":"<p>Artisti i njohur, Petrit Halilaj ka n\u00ebnshkruar marr\u00ebveshje bashk\u00ebpunimi me Filharmonin\u00eb e Kosov\u00ebs, q\u00eb kulmon me premier\u00ebn bot\u00ebrore t\u00eb oper\u00ebs \u201cSyrigana\u201d. Shfaqja do t\u00eb mbahet n\u00ebn qiellin e hapur n\u00eb fshatin Syrigan\u00eb, k\u00ebt\u00eb muaj, me dat\u00ebn 29 qershor, si pjes\u00eb e festimeve p\u00ebr 25-vjetorin e Filharmonis\u00eb.<\/p>\n<p>Opera \u00ebsht\u00eb inspiruar nga nj\u00eb legjend\u00eb vendase q\u00eb thot\u00eb se Adami dhe Eva, u martuan n\u00eb Syrigan\u00eb dhe vepra p\u00ebrzien mitin me realitetin bashk\u00ebkohor. Opera \u201cSyrigana\u201d \u00ebsht\u00eb shkruar nga artisti Halilaj, n\u00eb bashk\u00ebpunim me Amy Zion dhe Doruntina Basha, me muzik\u00eb nga Lugh O\u2019Neill dhe interpretim nga Filharmonia e Kosov\u00ebs dhe Banda e Dasmave t\u00eb Syrigan\u00ebs.<\/p>\n<p>Pas Kosov\u00ebs, opera do t\u00eb udh\u00ebtoj\u00eb p\u00ebr n\u00eb Berlin si pjes\u00eb e ekspozit\u00ebs s\u00eb Halilajt, q\u00eb do t\u00eb mbahet n\u00eb Galerin\u00eb Komb\u00ebtare t\u00eb Artit Bashk\u00ebkohor, Hamburger-Bahnhof, n\u00eb Berlin t\u00eb Gjermanis\u00eb, m\u00eb 10 shtator, pastaj edhe do ta ket\u00eb edhe nj\u00eb performanc\u00eb speciale m\u00eb 14 shtator, 2025.<\/p>\n","protected":false},"excerpt":{"rendered":"<p>Artisti i njohur, Petrit Halilaj ka n\u00ebnshkruar marr\u00ebveshje bashk\u00ebpunimi me Filharmonin\u00eb e Kosov\u00ebs, q\u00eb kulmon me premier\u00ebn bot\u00ebrore t\u00eb oper\u00ebs \u201cSyrigana\u201d. Shfaqja do t\u00eb mbahet n\u00ebn qiellin e hapur n\u00eb fshatin Syrigan\u00eb, k\u00ebt\u00eb muaj, me dat\u00ebn 29 qershor, si pjes\u00eb e festimeve p\u00ebr 25-vjetorin e Filharmonis\u00eb. Opera \u00ebsht\u00eb inspiruar nga nj\u00eb legjend\u00eb vendase q\u00eb thot\u00eb&hellip;<\/p>\n","protected":false},"author":3,"featured_media":75052,"comment_status":"closed","ping_status":"closed","sticky":false,"template":"","format":"standard","meta":{"_monsterinsights_skip_tracking":false,"_monsterinsights_sitenote_active":false,"_monsterinsights_sitenote_note":"","_monsterinsights_sitenote_category":0,"footnotes":""},"categories":[2],"tags":[],"class_list":["post-75051","post","type-post","status-publish","format-standard","has-post-thumbnail","hentry","category-news","category-2","description-off"],"_links":{"self":[{"href":"https:\/\/radiokfor.com\/1\/wp-json\/wp\/v2\/posts\/75051","targetHints":{"allow":["GET"]}}],"collection":[{"href":"https:\/\/radiokfor.com\/1\/wp-json\/wp\/v2\/posts"}],"about":[{"href":"https:\/\/radiokfor.com\/1\/wp-json\/wp\/v2\/types\/post"}],"author":[{"embeddable":true,"href":"https:\/\/radiokfor.com\/1\/wp-json\/wp\/v2\/users\/3"}],"replies":[{"embeddable":true,"href":"https:\/\/radiokfor.com\/1\/wp-json\/wp\/v2\/comments?post=75051"}],"version-history":[{"count":1,"href":"https:\/\/radiokfor.com\/1\/wp-json\/wp\/v2\/posts\/75051\/revisions"}],"predecessor-version":[{"id":75053,"href":"https:\/\/radiokfor.com\/1\/wp-json\/wp\/v2\/posts\/75051\/revisions\/75053"}],"wp:featuredmedia":[{"embeddable":true,"href":"https:\/\/radiokfor.com\/1\/wp-json\/wp\/v2\/media\/75052"}],"wp:attachment":[{"href":"https:\/\/radiokfor.com\/1\/wp-json\/wp\/v2\/media?parent=75051"}],"wp:term":[{"taxonomy":"category","embeddable":true,"href":"https:\/\/radiokfor.com\/1\/wp-json\/wp\/v2\/categories?post=75051"},{"taxonomy":"post_tag","embeddable":true,"href":"https:\/\/radiokfor.com\/1\/wp-json\/wp\/v2\/tags?post=75051"}],"curies":[{"name":"wp","href":"https:\/\/api.w.org\/{rel}","templated":true}]}}