{"id":74850,"date":"2025-06-12T06:02:30","date_gmt":"2025-06-12T04:02:30","guid":{"rendered":"https:\/\/radiokfor.com\/1\/?p=74850"},"modified":"2025-05-20T15:58:38","modified_gmt":"2025-05-20T13:58:38","slug":"12-qershori-i-dedikohet-femijeve-qe-nuk-mund-ta-ngritin-zerin","status":"publish","type":"post","link":"https:\/\/radiokfor.com\/1\/12-qershori-i-dedikohet-femijeve-qe-nuk-mund-ta-ngritin-zerin\/","title":{"rendered":"\u201812 Qershori\u2019 i dedikohet f\u00ebmij\u00ebve q\u00eb nuk mund ta ngritin z\u00ebrin"},"content":{"rendered":"<p>\u2018Dita Bot\u00ebrore Kund\u00ebr Pun\u00ebs s\u00eb F\u00ebmij\u00ebve\u2019 sh\u00ebnohet \u00e7do vit m\u00eb 12 qershor dhe synon t\u00eb rris\u00eb nd\u00ebrgjegj\u00ebsimin global mbi shfryt\u00ebzimin e f\u00ebmij\u00ebve n\u00eb pun\u00eb dhe t\u00eb nxis\u00eb veprime konkrete p\u00ebr t\u2019i dh\u00ebn\u00eb fund k\u00ebtij fenomeni.<\/p>\n<p>Kjo dit\u00eb \u00ebsht\u00eb nj\u00eb thirrje p\u00ebr qeverit\u00eb, organizatat nd\u00ebrkomb\u00ebtare, bizneset, sindikatat dhe shoq\u00ebrin\u00eb civile q\u00eb t\u00eb bashkojn\u00eb forcat n\u00eb mbrojtje t\u00eb t\u00eb drejtave t\u00eb f\u00ebmij\u00ebve, duke siguruar arsim, mbrojtje dhe nj\u00eb f\u00ebmij\u00ebri t\u00eb sigurt p\u00ebr ta.<\/p>\n<p>N\u00eb t\u00eb gjith\u00eb bot\u00ebn, miliona f\u00ebmij\u00eb jan\u00eb t\u00eb detyruar t\u00eb punojn\u00eb n\u00eb kushte t\u00eb r\u00ebnda, shpesh pa mbrojtje, pa arsim dhe pa t\u00eb drejta themelore. Kjo dit\u00eb sh\u00ebrben si nj\u00eb kujtes\u00eb e fort\u00eb se p\u00ebrparimi drejt zhdukjes s\u00eb pun\u00ebs s\u00eb f\u00ebmij\u00ebve, \u00ebsht\u00eb i mundur vet\u00ebm p\u00ebrmes angazhimit t\u00eb p\u00ebrbashk\u00ebt dhe veprimeve t\u00eb q\u00ebndrueshme.<\/p>\n<p>F\u00ebmij\u00ebt kan\u00eb t\u00eb drejt\u00eb t\u00eb jen\u00eb f\u00ebmij\u00eb. T\u00eb luajn\u00eb, t\u00eb m\u00ebsojn\u00eb dhe t\u00eb rriten n\u00eb nj\u00eb mjedis t\u00eb sigurt. Asnj\u00eb f\u00ebmij\u00eb nuk duhet t\u00eb detyrohet t\u00eb punoj\u00eb p\u00ebr t\u00eb mbijetuar apo p\u00ebr t\u00eb ndihmuar ekonomin\u00eb familjare n\u00eb kurriz t\u00eb s\u00eb ardhmes s\u00eb tij.<\/p>\n","protected":false},"excerpt":{"rendered":"<p>\u2018Dita Bot\u00ebrore Kund\u00ebr Pun\u00ebs s\u00eb F\u00ebmij\u00ebve\u2019 sh\u00ebnohet \u00e7do vit m\u00eb 12 qershor dhe synon t\u00eb rris\u00eb nd\u00ebrgjegj\u00ebsimin global mbi shfryt\u00ebzimin e f\u00ebmij\u00ebve n\u00eb pun\u00eb dhe t\u00eb nxis\u00eb veprime konkrete p\u00ebr t\u2019i dh\u00ebn\u00eb fund k\u00ebtij fenomeni. Kjo dit\u00eb \u00ebsht\u00eb nj\u00eb thirrje p\u00ebr qeverit\u00eb, organizatat nd\u00ebrkomb\u00ebtare, bizneset, sindikatat dhe shoq\u00ebrin\u00eb civile q\u00eb t\u00eb bashkojn\u00eb forcat n\u00eb mbrojtje&hellip;<\/p>\n","protected":false},"author":3,"featured_media":74851,"comment_status":"closed","ping_status":"closed","sticky":false,"template":"","format":"standard","meta":{"_monsterinsights_skip_tracking":false,"_monsterinsights_sitenote_active":false,"_monsterinsights_sitenote_note":"","_monsterinsights_sitenote_category":0,"footnotes":""},"categories":[2],"tags":[],"class_list":["post-74850","post","type-post","status-publish","format-standard","has-post-thumbnail","hentry","category-news","category-2","description-off"],"_links":{"self":[{"href":"https:\/\/radiokfor.com\/1\/wp-json\/wp\/v2\/posts\/74850","targetHints":{"allow":["GET"]}}],"collection":[{"href":"https:\/\/radiokfor.com\/1\/wp-json\/wp\/v2\/posts"}],"about":[{"href":"https:\/\/radiokfor.com\/1\/wp-json\/wp\/v2\/types\/post"}],"author":[{"embeddable":true,"href":"https:\/\/radiokfor.com\/1\/wp-json\/wp\/v2\/users\/3"}],"replies":[{"embeddable":true,"href":"https:\/\/radiokfor.com\/1\/wp-json\/wp\/v2\/comments?post=74850"}],"version-history":[{"count":1,"href":"https:\/\/radiokfor.com\/1\/wp-json\/wp\/v2\/posts\/74850\/revisions"}],"predecessor-version":[{"id":74852,"href":"https:\/\/radiokfor.com\/1\/wp-json\/wp\/v2\/posts\/74850\/revisions\/74852"}],"wp:featuredmedia":[{"embeddable":true,"href":"https:\/\/radiokfor.com\/1\/wp-json\/wp\/v2\/media\/74851"}],"wp:attachment":[{"href":"https:\/\/radiokfor.com\/1\/wp-json\/wp\/v2\/media?parent=74850"}],"wp:term":[{"taxonomy":"category","embeddable":true,"href":"https:\/\/radiokfor.com\/1\/wp-json\/wp\/v2\/categories?post=74850"},{"taxonomy":"post_tag","embeddable":true,"href":"https:\/\/radiokfor.com\/1\/wp-json\/wp\/v2\/tags?post=74850"}],"curies":[{"name":"wp","href":"https:\/\/api.w.org\/{rel}","templated":true}]}}