{"id":74752,"date":"2025-05-12T06:03:37","date_gmt":"2025-05-12T04:03:37","guid":{"rendered":"https:\/\/radiokfor.com\/1\/?p=74752"},"modified":"2025-05-05T11:36:27","modified_gmt":"2025-05-05T09:36:27","slug":"infermieret-zemra-e-kujdesit-shendetesor","status":"publish","type":"post","link":"https:\/\/radiokfor.com\/1\/infermieret-zemra-e-kujdesit-shendetesor\/","title":{"rendered":"Infermier\u00ebt, zemra e kujdesit sh\u00ebndet\u00ebsor"},"content":{"rendered":"<p>\u2018Dita Nd\u00ebrkomb\u00ebtare e Infermier\u00ebve\u2019 sh\u00ebnohet \u00e7do vit m\u00eb 12 maj, n\u00eb nder t\u00eb lindjes s\u00eb themelueses s\u00eb infermieris\u00eb moderne, znj. Florence Nightingale. Kjo dit\u00eb \u00ebsht\u00eb nj\u00eb mund\u00ebsi p\u00ebr t\u00eb njohur dhe vler\u00ebsuar kontributin jetik q\u00eb infermier\u00ebt japin n\u00eb sistemet sh\u00ebndet\u00ebsore anemban\u00eb bot\u00ebs.<\/p>\n<p>Q\u00ebllimi i k\u00ebsaj dite \u00ebsht\u00eb t\u00eb nderohet puna dhe p\u00ebrkushtimi i infermier\u00ebve n\u00eb p\u00ebrkujdesjen ndaj pacient\u00ebve, t\u00eb rritet nd\u00ebrgjegj\u00ebsimi p\u00ebr sfidat q\u00eb p\u00ebrballen infermier\u00ebt, si\u00e7 jan\u00eb: kushtet e v\u00ebshtira t\u00eb pun\u00ebs, mungesa e burimeve dhe stresi emocional, t\u00eb promovohet roli i infermier\u00ebve n\u00eb p\u00ebrmir\u00ebsimin e kujdesit sh\u00ebndet\u00ebsor, etj.<\/p>\n<p>\u00c7do vit \u2018Dita Nd\u00ebrkomb\u00ebtare e Infermier\u00ebve\u2019 ka nj\u00eb tem\u00eb specifike p\u00ebr t\u00eb theksuar nj\u00eb aspekt t\u00eb ve\u00e7ant\u00eb t\u00eb profesionit, e tema e sivjetme \u00ebsht\u00eb <em>\u2018Kujdesi p\u00ebr infermier\u00ebt forcon ekonomit\u00eb\u2019<\/em>.<\/p>\n","protected":false},"excerpt":{"rendered":"<p>\u2018Dita Nd\u00ebrkomb\u00ebtare e Infermier\u00ebve\u2019 sh\u00ebnohet \u00e7do vit m\u00eb 12 maj, n\u00eb nder t\u00eb lindjes s\u00eb themelueses s\u00eb infermieris\u00eb moderne, znj. Florence Nightingale. Kjo dit\u00eb \u00ebsht\u00eb nj\u00eb mund\u00ebsi p\u00ebr t\u00eb njohur dhe vler\u00ebsuar kontributin jetik q\u00eb infermier\u00ebt japin n\u00eb sistemet sh\u00ebndet\u00ebsore anemban\u00eb bot\u00ebs. Q\u00ebllimi i k\u00ebsaj dite \u00ebsht\u00eb t\u00eb nderohet puna dhe p\u00ebrkushtimi i infermier\u00ebve n\u00eb&hellip;<\/p>\n","protected":false},"author":3,"featured_media":74753,"comment_status":"closed","ping_status":"closed","sticky":false,"template":"","format":"standard","meta":{"_monsterinsights_skip_tracking":false,"_monsterinsights_sitenote_active":false,"_monsterinsights_sitenote_note":"","_monsterinsights_sitenote_category":0,"footnotes":""},"categories":[2],"tags":[],"class_list":["post-74752","post","type-post","status-publish","format-standard","has-post-thumbnail","hentry","category-news","category-2","description-off"],"_links":{"self":[{"href":"https:\/\/radiokfor.com\/1\/wp-json\/wp\/v2\/posts\/74752","targetHints":{"allow":["GET"]}}],"collection":[{"href":"https:\/\/radiokfor.com\/1\/wp-json\/wp\/v2\/posts"}],"about":[{"href":"https:\/\/radiokfor.com\/1\/wp-json\/wp\/v2\/types\/post"}],"author":[{"embeddable":true,"href":"https:\/\/radiokfor.com\/1\/wp-json\/wp\/v2\/users\/3"}],"replies":[{"embeddable":true,"href":"https:\/\/radiokfor.com\/1\/wp-json\/wp\/v2\/comments?post=74752"}],"version-history":[{"count":1,"href":"https:\/\/radiokfor.com\/1\/wp-json\/wp\/v2\/posts\/74752\/revisions"}],"predecessor-version":[{"id":74754,"href":"https:\/\/radiokfor.com\/1\/wp-json\/wp\/v2\/posts\/74752\/revisions\/74754"}],"wp:featuredmedia":[{"embeddable":true,"href":"https:\/\/radiokfor.com\/1\/wp-json\/wp\/v2\/media\/74753"}],"wp:attachment":[{"href":"https:\/\/radiokfor.com\/1\/wp-json\/wp\/v2\/media?parent=74752"}],"wp:term":[{"taxonomy":"category","embeddable":true,"href":"https:\/\/radiokfor.com\/1\/wp-json\/wp\/v2\/categories?post=74752"},{"taxonomy":"post_tag","embeddable":true,"href":"https:\/\/radiokfor.com\/1\/wp-json\/wp\/v2\/tags?post=74752"}],"curies":[{"name":"wp","href":"https:\/\/api.w.org\/{rel}","templated":true}]}}