{"id":74740,"date":"2025-05-21T06:00:06","date_gmt":"2025-05-21T04:00:06","guid":{"rendered":"https:\/\/radiokfor.com\/1\/?p=74740"},"modified":"2025-05-01T13:42:32","modified_gmt":"2025-05-01T11:42:32","slug":"pasuria-kulturore-nje-faktor-kyc-per-paqe-dhe-zhvillim-te-qendrueshem","status":"publish","type":"post","link":"https:\/\/radiokfor.com\/1\/pasuria-kulturore-nje-faktor-kyc-per-paqe-dhe-zhvillim-te-qendrueshem\/","title":{"rendered":"Pasuria kulturore, nj\u00eb faktor ky\u00e7 p\u00ebr paqe dhe zhvillim t\u00eb q\u00ebndruesh\u00ebm"},"content":{"rendered":"<p>Sot (21.05.25), sh\u00ebnohet \u2018Dita Bot\u00ebrore p\u00ebr Diversitet Kulturor, Dialog dhe Zhvillim\u2019, nj\u00eb dat\u00eb kjo p\u00ebrcaktuar nga Kombet e Bashkuara p\u00ebr t\u00eb promovuar vlerat e bashk\u00ebjetes\u00ebs, mir\u00ebkuptimit dhe respektit mes kulturave t\u00eb ndryshme.<\/p>\n<p>Kjo dit\u00eb sh\u00ebrben si nj\u00eb thirrje p\u00ebr t\u00eb rritur nd\u00ebrgjegj\u00ebsimin mbi r\u00ebnd\u00ebsin\u00eb e dialogut nd\u00ebrkulturor dhe p\u00ebr t\u00eb inkurajuar shoq\u00ebrit\u00eb q\u00eb t\u00eb \u00e7mojn\u00eb pasurin\u00eb kulturore, si nj\u00eb faktor ky\u00e7 p\u00ebr paqe dhe zhvillim t\u00eb q\u00ebndruesh\u00ebm.<\/p>\n<p>N\u00eb Kosov\u00eb, ku bashk\u00ebjetesa nd\u00ebrkulturore \u00ebsht\u00eb pjes\u00eb e p\u00ebrditshm\u00ebris\u00eb \u2018Dita Bot\u00ebrore p\u00ebr Diversitet Kulturor, Dialog dhe Zhvillim\u2019, merr nj\u00eb dimension t\u00eb ve\u00e7ant\u00eb. Shum\u00eb organizata lokale, shkolla dhe institucione kulturore organizojn\u00eb debate, ekspozita, shfaqje artistike dhe programe q\u00eb promovojn\u00eb dialogun nd\u00ebrmjet komuniteteve.<\/p>\n<p>Diversiteti kulturor nuk \u00ebsht\u00eb vet\u00ebm nj\u00eb pasuri njer\u00ebzore, por nj\u00eb mjet i fuqish\u00ebm p\u00ebr nd\u00ebrtimin e paqes, forcimin e toleranc\u00ebs dhe nxitjen e zhvillimit ekonomik e social.<\/p>\n","protected":false},"excerpt":{"rendered":"<p>Sot (21.05.25), sh\u00ebnohet \u2018Dita Bot\u00ebrore p\u00ebr Diversitet Kulturor, Dialog dhe Zhvillim\u2019, nj\u00eb dat\u00eb kjo p\u00ebrcaktuar nga Kombet e Bashkuara p\u00ebr t\u00eb promovuar vlerat e bashk\u00ebjetes\u00ebs, mir\u00ebkuptimit dhe respektit mes kulturave t\u00eb ndryshme. Kjo dit\u00eb sh\u00ebrben si nj\u00eb thirrje p\u00ebr t\u00eb rritur nd\u00ebrgjegj\u00ebsimin mbi r\u00ebnd\u00ebsin\u00eb e dialogut nd\u00ebrkulturor dhe p\u00ebr t\u00eb inkurajuar shoq\u00ebrit\u00eb q\u00eb t\u00eb \u00e7mojn\u00eb&hellip;<\/p>\n","protected":false},"author":3,"featured_media":74741,"comment_status":"closed","ping_status":"closed","sticky":false,"template":"","format":"standard","meta":{"_monsterinsights_skip_tracking":false,"_monsterinsights_sitenote_active":false,"_monsterinsights_sitenote_note":"","_monsterinsights_sitenote_category":0,"footnotes":""},"categories":[2],"tags":[],"class_list":["post-74740","post","type-post","status-publish","format-standard","has-post-thumbnail","hentry","category-news","category-2","description-off"],"_links":{"self":[{"href":"https:\/\/radiokfor.com\/1\/wp-json\/wp\/v2\/posts\/74740","targetHints":{"allow":["GET"]}}],"collection":[{"href":"https:\/\/radiokfor.com\/1\/wp-json\/wp\/v2\/posts"}],"about":[{"href":"https:\/\/radiokfor.com\/1\/wp-json\/wp\/v2\/types\/post"}],"author":[{"embeddable":true,"href":"https:\/\/radiokfor.com\/1\/wp-json\/wp\/v2\/users\/3"}],"replies":[{"embeddable":true,"href":"https:\/\/radiokfor.com\/1\/wp-json\/wp\/v2\/comments?post=74740"}],"version-history":[{"count":1,"href":"https:\/\/radiokfor.com\/1\/wp-json\/wp\/v2\/posts\/74740\/revisions"}],"predecessor-version":[{"id":74742,"href":"https:\/\/radiokfor.com\/1\/wp-json\/wp\/v2\/posts\/74740\/revisions\/74742"}],"wp:featuredmedia":[{"embeddable":true,"href":"https:\/\/radiokfor.com\/1\/wp-json\/wp\/v2\/media\/74741"}],"wp:attachment":[{"href":"https:\/\/radiokfor.com\/1\/wp-json\/wp\/v2\/media?parent=74740"}],"wp:term":[{"taxonomy":"category","embeddable":true,"href":"https:\/\/radiokfor.com\/1\/wp-json\/wp\/v2\/categories?post=74740"},{"taxonomy":"post_tag","embeddable":true,"href":"https:\/\/radiokfor.com\/1\/wp-json\/wp\/v2\/tags?post=74740"}],"curies":[{"name":"wp","href":"https:\/\/api.w.org\/{rel}","templated":true}]}}