{"id":74291,"date":"2025-04-15T06:00:38","date_gmt":"2025-04-15T04:00:38","guid":{"rendered":"https:\/\/radiokfor.com\/1\/?p=74291"},"modified":"2025-03-25T15:03:25","modified_gmt":"2025-03-25T14:03:25","slug":"nje-feste-per-kulturen-trashegimine-dhe-kreativitetin","status":"publish","type":"post","link":"https:\/\/radiokfor.com\/1\/nje-feste-per-kulturen-trashegimine-dhe-kreativitetin\/","title":{"rendered":"Nj\u00eb fest\u00eb p\u00ebr kultur\u00ebn, trash\u00ebgimin\u00eb dhe kreativitetin"},"content":{"rendered":"<p>Kultura \u00ebsht\u00eb nj\u00eb pasuri e p\u00ebrbashk\u00ebt e njer\u00ebzimit, e cila p\u00ebrfshin artin, muzik\u00ebn, let\u00ebrsin\u00eb, gjuh\u00ebn, traditat dhe vlerat shoq\u00ebrore. Pik\u00ebrisht sot m\u00eb 15 prill, sh\u00ebnohet \u201cDita Universale e Kultur\u00ebs\u201d q\u00eb thekson r\u00ebnd\u00ebsin\u00eb e ruajtjes dhe promovimit t\u00eb kultur\u00ebs n\u00eb t\u00eb gjitha format e saj. Kjo dit\u00eb, u shpall bazuar n\u00eb paktin p\u00ebr \u201cMbrojtjen e Institucioneve Artistike dhe Shkencore dhe Monumenteve Historike\u201d, i njohur si \u201cPakti Roerich\u201d, i cili u n\u00ebnshkrua m\u00eb 15 prill, t\u00eb vitit 1935 dhe synon mbrojtjen e trash\u00ebgimis\u00eb kulturore gjat\u00eb konflikteve.<br \/>\nP\u00ebr nder t\u00eb k\u00ebsaj dite organizatat kulturore, muzet\u00eb, bibliotekat dhe institucionet akademike, n\u00eb mbar\u00eb bot\u00ebn, organizojn\u00eb evente, ekspozita si dhe aktivitete edukative e kulturore, p\u00ebr t\u00eb nxitur nd\u00ebrgjegj\u00ebsimin mbi r\u00ebnd\u00ebsin\u00eb e ruajtjes dhe zhvillimit t\u00eb kultur\u00ebs. Edhe n\u00eb Kosov\u00eb, kjo dit\u00eb sh\u00ebnohet me aktivitete q\u00eb synojn\u00eb t\u00eb promovojn\u00eb trash\u00ebgimin\u00eb kulturore dhe t\u00eb inkurajojn\u00eb brezat e rinj t\u00eb vler\u00ebsojn\u00eb dhe t\u00eb mbajn\u00eb gjall\u00eb identitetin e tyre kulturor.<br \/>\nDita e sotme na kujton se kultura \u00ebsht\u00eb ura q\u00eb lidh t\u00eb kaluar\u00ebn, t\u00eb tashmen dhe t\u00eb ardhmen si dhe nj\u00eb mjet i fuqish\u00ebm p\u00ebr paqen e mir\u00ebkuptimin mes popujve.<\/p>\n","protected":false},"excerpt":{"rendered":"<p>Kultura \u00ebsht\u00eb nj\u00eb pasuri e p\u00ebrbashk\u00ebt e njer\u00ebzimit, e cila p\u00ebrfshin artin, muzik\u00ebn, let\u00ebrsin\u00eb, gjuh\u00ebn, traditat dhe vlerat shoq\u00ebrore. Pik\u00ebrisht sot m\u00eb 15 prill, sh\u00ebnohet \u201cDita Universale e Kultur\u00ebs\u201d q\u00eb thekson r\u00ebnd\u00ebsin\u00eb e ruajtjes dhe promovimit t\u00eb kultur\u00ebs n\u00eb t\u00eb gjitha format e saj. Kjo dit\u00eb, u shpall bazuar n\u00eb paktin p\u00ebr \u201cMbrojtjen e Institucioneve&hellip;<\/p>\n","protected":false},"author":3,"featured_media":74292,"comment_status":"closed","ping_status":"closed","sticky":false,"template":"","format":"standard","meta":{"_monsterinsights_skip_tracking":false,"_monsterinsights_sitenote_active":false,"_monsterinsights_sitenote_note":"","_monsterinsights_sitenote_category":0,"footnotes":""},"categories":[2],"tags":[],"class_list":["post-74291","post","type-post","status-publish","format-standard","has-post-thumbnail","hentry","category-news","category-2","description-off"],"_links":{"self":[{"href":"https:\/\/radiokfor.com\/1\/wp-json\/wp\/v2\/posts\/74291","targetHints":{"allow":["GET"]}}],"collection":[{"href":"https:\/\/radiokfor.com\/1\/wp-json\/wp\/v2\/posts"}],"about":[{"href":"https:\/\/radiokfor.com\/1\/wp-json\/wp\/v2\/types\/post"}],"author":[{"embeddable":true,"href":"https:\/\/radiokfor.com\/1\/wp-json\/wp\/v2\/users\/3"}],"replies":[{"embeddable":true,"href":"https:\/\/radiokfor.com\/1\/wp-json\/wp\/v2\/comments?post=74291"}],"version-history":[{"count":1,"href":"https:\/\/radiokfor.com\/1\/wp-json\/wp\/v2\/posts\/74291\/revisions"}],"predecessor-version":[{"id":74293,"href":"https:\/\/radiokfor.com\/1\/wp-json\/wp\/v2\/posts\/74291\/revisions\/74293"}],"wp:featuredmedia":[{"embeddable":true,"href":"https:\/\/radiokfor.com\/1\/wp-json\/wp\/v2\/media\/74292"}],"wp:attachment":[{"href":"https:\/\/radiokfor.com\/1\/wp-json\/wp\/v2\/media?parent=74291"}],"wp:term":[{"taxonomy":"category","embeddable":true,"href":"https:\/\/radiokfor.com\/1\/wp-json\/wp\/v2\/categories?post=74291"},{"taxonomy":"post_tag","embeddable":true,"href":"https:\/\/radiokfor.com\/1\/wp-json\/wp\/v2\/tags?post=74291"}],"curies":[{"name":"wp","href":"https:\/\/api.w.org\/{rel}","templated":true}]}}