{"id":74271,"date":"2025-03-26T06:01:45","date_gmt":"2025-03-26T05:01:45","guid":{"rendered":"https:\/\/radiokfor.com\/1\/?p=74271"},"modified":"2025-03-24T15:15:17","modified_gmt":"2025-03-24T14:15:17","slug":"thirrje-per-nje-bote-te-bashkuar-kunder-racizmit","status":"publish","type":"post","link":"https:\/\/radiokfor.com\/1\/thirrje-per-nje-bote-te-bashkuar-kunder-racizmit\/","title":{"rendered":"Thirrje p\u00ebr nj\u00eb bot\u00eb t\u00eb bashkuar kund\u00ebr racizmit"},"content":{"rendered":"<p>\u00c7do vit nga data 21 e deri m\u00eb 27 mars, sh\u00ebnohet \u201cJava e Solidaritetit me Popujt q\u00eb Luftojn\u00eb Racizmin dhe Diskriminimin Racor\u201d, nd\u00ebrsa k\u00ebt\u00eb vit sh\u00ebnohet edhe 60 vjetori i Konvent\u00ebs Nd\u00ebrkomb\u00ebtare p\u00ebr Eliminimin e t\u00eb Gjitha Formave t\u00eb Diskriminimit Racor. \u00a0P\u00ebrgjat\u00eb k\u00ebsaj jave, b\u00ebhen thirrje nd\u00ebrkomb\u00ebtare p\u00ebr nd\u00ebrgjegj\u00ebsim, reflektim dhe veprim ndaj sfidave t\u00eb vazhdueshme q\u00eb p\u00ebrjetojn\u00eb njer\u00ebzit p\u00ebr shkak t\u00eb ngjyr\u00ebs s\u00eb l\u00ebkur\u00ebs, prejardhjes etnike apo racore.<\/p>\n<p>Kjo dit\u00eb \u00ebsht\u00eb shpallur nga Kombet e Bashkuara, n\u00eb p\u00ebrkujtim t\u00eb masakr\u00ebs s\u00eb Sharpeville-it n\u00eb Afrik\u00ebn e Jugut, q\u00eb ndodhi m\u00eb 21 mars t\u00eb vitit 1960, kur forcat policore lokale atje, hap\u00ebn zjarr ndaj nj\u00eb grupi protestuesish paq\u00ebsor\u00eb, q\u00eb kund\u00ebrshtonin ligjet diskriminuese t\u00eb aparteidit, duke l\u00ebn\u00eb t\u00eb vrar\u00eb 69 persona, shumica prej tyre student\u00eb. Kjo ngjarje tragjike u kthye n\u00eb nj\u00eb simbol t\u00eb luft\u00ebs globale kund\u00ebr racizmit.<\/p>\n<p>\u201cJava e Solidaritetit me Popujt q\u00eb Luftojn\u00eb Racizmin dhe Diskriminimin Racor\u201d rikujton se racizmi, diskriminimi racor, ksenofobia dhe format e tjera t\u00eb intoleranc\u00ebs jan\u00eb ende t\u00eb pranishme n\u00eb shoq\u00ebri dhe k\u00ebrkojn\u00eb p\u00ebrpjekje t\u00eb p\u00ebrbashk\u00ebta p\u00ebr t\u2019u luftuar. Mesazhi q\u00eb sh\u00ebnon k\u00ebt\u00eb dit\u00eb, \u00ebsht\u00eb i qart\u00eb: <em>askush nuk lind racist dhe as nuk duhet t\u00eb trajtohet i pabarabart\u00eb, p\u00ebr shkak t\u00eb origjin\u00ebs apo pamjes q\u00eb ka <\/em>. Edukimi, dialogu dhe bashk\u00ebpunimi jan\u00eb \u00e7el\u00ebsat p\u00ebr t\u00eb nd\u00ebrtuar nj\u00eb shoq\u00ebri m\u00eb t\u00eb drejt\u00eb dhe m\u00eb t\u00eb barabart\u00eb. N\u00eb k\u00ebt\u00eb jav\u00eb, \u00e7do individ, institucion apo komunitet mund ta japin kontributin e tyre, p\u00ebrmes mb\u00ebshtetjes s\u00eb iniciativave q\u00eb synojn\u00eb t\u00eb shkat\u00ebrrojn\u00eb paragjykimet dhe t\u00eb promovojn\u00eb nj\u00eb bot\u00eb ku diversiteti shihet si pasuri.<\/p>\n","protected":false},"excerpt":{"rendered":"<p>\u00c7do vit nga data 21 e deri m\u00eb 27 mars, sh\u00ebnohet \u201cJava e Solidaritetit me Popujt q\u00eb Luftojn\u00eb Racizmin dhe Diskriminimin Racor\u201d, nd\u00ebrsa k\u00ebt\u00eb vit sh\u00ebnohet edhe 60 vjetori i Konvent\u00ebs Nd\u00ebrkomb\u00ebtare p\u00ebr Eliminimin e t\u00eb Gjitha Formave t\u00eb Diskriminimit Racor. \u00a0P\u00ebrgjat\u00eb k\u00ebsaj jave, b\u00ebhen thirrje nd\u00ebrkomb\u00ebtare p\u00ebr nd\u00ebrgjegj\u00ebsim, reflektim dhe veprim ndaj sfidave t\u00eb&hellip;<\/p>\n","protected":false},"author":3,"featured_media":74272,"comment_status":"closed","ping_status":"closed","sticky":false,"template":"","format":"standard","meta":{"_monsterinsights_skip_tracking":false,"_monsterinsights_sitenote_active":false,"_monsterinsights_sitenote_note":"","_monsterinsights_sitenote_category":0,"footnotes":""},"categories":[2],"tags":[],"class_list":["post-74271","post","type-post","status-publish","format-standard","has-post-thumbnail","hentry","category-news","category-2","description-off"],"_links":{"self":[{"href":"https:\/\/radiokfor.com\/1\/wp-json\/wp\/v2\/posts\/74271","targetHints":{"allow":["GET"]}}],"collection":[{"href":"https:\/\/radiokfor.com\/1\/wp-json\/wp\/v2\/posts"}],"about":[{"href":"https:\/\/radiokfor.com\/1\/wp-json\/wp\/v2\/types\/post"}],"author":[{"embeddable":true,"href":"https:\/\/radiokfor.com\/1\/wp-json\/wp\/v2\/users\/3"}],"replies":[{"embeddable":true,"href":"https:\/\/radiokfor.com\/1\/wp-json\/wp\/v2\/comments?post=74271"}],"version-history":[{"count":2,"href":"https:\/\/radiokfor.com\/1\/wp-json\/wp\/v2\/posts\/74271\/revisions"}],"predecessor-version":[{"id":74274,"href":"https:\/\/radiokfor.com\/1\/wp-json\/wp\/v2\/posts\/74271\/revisions\/74274"}],"wp:featuredmedia":[{"embeddable":true,"href":"https:\/\/radiokfor.com\/1\/wp-json\/wp\/v2\/media\/74272"}],"wp:attachment":[{"href":"https:\/\/radiokfor.com\/1\/wp-json\/wp\/v2\/media?parent=74271"}],"wp:term":[{"taxonomy":"category","embeddable":true,"href":"https:\/\/radiokfor.com\/1\/wp-json\/wp\/v2\/categories?post=74271"},{"taxonomy":"post_tag","embeddable":true,"href":"https:\/\/radiokfor.com\/1\/wp-json\/wp\/v2\/tags?post=74271"}],"curies":[{"name":"wp","href":"https:\/\/api.w.org\/{rel}","templated":true}]}}