{"id":74229,"date":"2025-03-22T06:01:49","date_gmt":"2025-03-22T05:01:49","guid":{"rendered":"https:\/\/radiokfor.com\/1\/?p=74229"},"modified":"2025-03-20T13:59:29","modified_gmt":"2025-03-20T12:59:29","slug":"te-bashkohemi-per-mbrojtjen-e-burimeve-ujore","status":"publish","type":"post","link":"https:\/\/radiokfor.com\/1\/te-bashkohemi-per-mbrojtjen-e-burimeve-ujore\/","title":{"rendered":"T\u00eb bashkohemi p\u00ebr mbrojtjen e burimeve ujore"},"content":{"rendered":"<p>Data 22 mars, sh\u00ebnon \u201cDit\u00ebn Bot\u00ebrore t\u00eb Ujit\u201d, iniciativ\u00eb kjo e Kombeve t\u00eb Bashkuara, q\u00eb synon t\u00eb rris\u00eb nd\u00ebrgjegj\u00ebsimin mbi r\u00ebnd\u00ebsin\u00eb e ujit t\u00eb past\u00ebr dhe menaxhimin e q\u00ebndruesh\u00ebm t\u00eb burimeve ujore. P\u00ebr her\u00eb t\u00eb par\u00eb kjo dit\u00eb u sh\u00ebnua n\u00eb vitin 1993 dhe q\u00eb at\u00ebher\u00eb ka sh\u00ebrbyer si nj\u00eb platform\u00eb p\u00ebr t\u00eb nxitur veprime konkrete n\u00eb mbrojtjen e ujit.<\/p>\n<p>Me ndryshimet klimatike dhe rritjen e popullsis\u00eb, mungesa e ujit t\u00eb pijsh\u00ebm po b\u00ebhet nj\u00eb nga sfidat m\u00eb t\u00eb m\u00ebdha globale, ku sipas Kombeve t\u00eb Bashkuara, mbi 2 miliard\u00eb njer\u00ebz n\u00eb bot\u00eb nuk kan\u00eb qasje n\u00eb uj\u00eb t\u00eb pijsh\u00ebm, nd\u00ebrsa ndotja dhe shp\u00ebrdorimi i ujit, vazhdojn\u00eb t\u00eb rrezikojn\u00eb ekosistemet ujore.<\/p>\n<p>Mesazhi kryesor i k\u00ebsaj dite mbetet i qart\u00eb: \u201cUji \u00ebsht\u00eb nj\u00eb e drejt\u00eb themelore dhe nj\u00eb burim jet\u00ebsor q\u00eb duhet mbrojtur p\u00ebr brezat e ardhsh\u00ebm!\u201d.<\/p>\n","protected":false},"excerpt":{"rendered":"<p>Data 22 mars, sh\u00ebnon \u201cDit\u00ebn Bot\u00ebrore t\u00eb Ujit\u201d, iniciativ\u00eb kjo e Kombeve t\u00eb Bashkuara, q\u00eb synon t\u00eb rris\u00eb nd\u00ebrgjegj\u00ebsimin mbi r\u00ebnd\u00ebsin\u00eb e ujit t\u00eb past\u00ebr dhe menaxhimin e q\u00ebndruesh\u00ebm t\u00eb burimeve ujore. P\u00ebr her\u00eb t\u00eb par\u00eb kjo dit\u00eb u sh\u00ebnua n\u00eb vitin 1993 dhe q\u00eb at\u00ebher\u00eb ka sh\u00ebrbyer si nj\u00eb platform\u00eb p\u00ebr t\u00eb nxitur veprime&hellip;<\/p>\n","protected":false},"author":3,"featured_media":74230,"comment_status":"closed","ping_status":"closed","sticky":false,"template":"","format":"standard","meta":{"_monsterinsights_skip_tracking":false,"_monsterinsights_sitenote_active":false,"_monsterinsights_sitenote_note":"","_monsterinsights_sitenote_category":0,"footnotes":""},"categories":[2],"tags":[],"class_list":["post-74229","post","type-post","status-publish","format-standard","has-post-thumbnail","hentry","category-news","category-2","description-off"],"_links":{"self":[{"href":"https:\/\/radiokfor.com\/1\/wp-json\/wp\/v2\/posts\/74229","targetHints":{"allow":["GET"]}}],"collection":[{"href":"https:\/\/radiokfor.com\/1\/wp-json\/wp\/v2\/posts"}],"about":[{"href":"https:\/\/radiokfor.com\/1\/wp-json\/wp\/v2\/types\/post"}],"author":[{"embeddable":true,"href":"https:\/\/radiokfor.com\/1\/wp-json\/wp\/v2\/users\/3"}],"replies":[{"embeddable":true,"href":"https:\/\/radiokfor.com\/1\/wp-json\/wp\/v2\/comments?post=74229"}],"version-history":[{"count":1,"href":"https:\/\/radiokfor.com\/1\/wp-json\/wp\/v2\/posts\/74229\/revisions"}],"predecessor-version":[{"id":74231,"href":"https:\/\/radiokfor.com\/1\/wp-json\/wp\/v2\/posts\/74229\/revisions\/74231"}],"wp:featuredmedia":[{"embeddable":true,"href":"https:\/\/radiokfor.com\/1\/wp-json\/wp\/v2\/media\/74230"}],"wp:attachment":[{"href":"https:\/\/radiokfor.com\/1\/wp-json\/wp\/v2\/media?parent=74229"}],"wp:term":[{"taxonomy":"category","embeddable":true,"href":"https:\/\/radiokfor.com\/1\/wp-json\/wp\/v2\/categories?post=74229"},{"taxonomy":"post_tag","embeddable":true,"href":"https:\/\/radiokfor.com\/1\/wp-json\/wp\/v2\/tags?post=74229"}],"curies":[{"name":"wp","href":"https:\/\/api.w.org\/{rel}","templated":true}]}}