{"id":74128,"date":"2025-03-27T06:01:54","date_gmt":"2025-03-27T05:01:54","guid":{"rendered":"https:\/\/radiokfor.com\/1\/?p=74128"},"modified":"2025-03-12T12:06:24","modified_gmt":"2025-03-12T11:06:24","slug":"sot-festojme-per-artin-ne-teater","status":"publish","type":"post","link":"https:\/\/radiokfor.com\/1\/sot-festojme-per-artin-ne-teater\/","title":{"rendered":"Sot festojm\u00eb p\u00ebr artin n\u00eb teat\u00ebr"},"content":{"rendered":"<p>\u2018Dita Bot\u00ebrore e Teatrit\u2019 festohet \u00e7do vit m\u00eb 27 mars dhe ka p\u00ebr q\u00ebllim t\u00eb promovoj\u00eb r\u00ebnd\u00ebsin\u00eb e teatrit si dhe t\u00ebr\u00ebsin\u00eb e tij si nj\u00eb form\u00eb arti, mjet komunikimi dhe arg\u00ebtimi. Kjo dit\u00eb u krijua n\u00eb vitin 1961 nga Instituti Nd\u00ebrkomb\u00ebtar i Teatrit , q\u00eb \u00ebsht\u00eb i themeluar nga UNESCO. Dita e sotme synon t\u00eb njoh\u00eb dhe t\u00eb vler\u00ebsoj\u00eb rolin e teatrit n\u00eb zhvillimin e shoq\u00ebrive, duke inkurajuar nd\u00ebrkomb\u00ebtarizimin e artit dhe duke forcuar komunikimin midis popujve dhe kulturave t\u00eb ndryshme p\u00ebrmes teatrove.<\/p>\n<p>\u00c7do vit, nj\u00eb artist me fam\u00eb nga fusha e teatrit, e jep nj\u00eb mesazh global p\u00ebr \u2018Dit\u00ebn e Teatrit\u201d. Pastaj, ky mesazh shp\u00ebrndahet dhe interpretohet n\u00eb t\u00eb gjitha kontinentet dhe \u00ebsht\u00eb nj\u00eb mund\u00ebsi p\u00ebr t\u00eb reflektuar mbi fuqin\u00eb e teatrit si nj\u00eb mjet p\u00ebr t\u00eb nxjerr\u00eb n\u00eb pah tema t\u00eb r\u00ebnd\u00ebsishme shoq\u00ebrore dhe kulturore.<\/p>\n<p>Teatri \u00ebsht\u00eb nj\u00eb form\u00eb e lasht\u00eb arti q\u00eb ka nj\u00eb ndikim t\u00eb madh n\u00eb zhvillimin emocional, intelektual e shoq\u00ebror t\u00eb individ\u00ebve dhe grupeve. Ai \u00ebsht\u00eb nj\u00eb mjet i fuqish\u00ebm p\u00ebr t\u00eb p\u00ebr\u00e7uar mesazhe, p\u00ebr t\u00eb ngritur pyetje dhe p\u00ebr t\u00eb promovuar empatin\u00eb dhe mir\u00ebkuptimin midis njer\u00ebzve t\u00eb kulturave dhe grupeve t\u00eb ndryshme.<\/p>\n","protected":false},"excerpt":{"rendered":"<p>\u2018Dita Bot\u00ebrore e Teatrit\u2019 festohet \u00e7do vit m\u00eb 27 mars dhe ka p\u00ebr q\u00ebllim t\u00eb promovoj\u00eb r\u00ebnd\u00ebsin\u00eb e teatrit si dhe t\u00ebr\u00ebsin\u00eb e tij si nj\u00eb form\u00eb arti, mjet komunikimi dhe arg\u00ebtimi. Kjo dit\u00eb u krijua n\u00eb vitin 1961 nga Instituti Nd\u00ebrkomb\u00ebtar i Teatrit , q\u00eb \u00ebsht\u00eb i themeluar nga UNESCO. Dita e sotme synon&hellip;<\/p>\n","protected":false},"author":3,"featured_media":74129,"comment_status":"closed","ping_status":"closed","sticky":false,"template":"","format":"standard","meta":{"_monsterinsights_skip_tracking":false,"_monsterinsights_sitenote_active":false,"_monsterinsights_sitenote_note":"","_monsterinsights_sitenote_category":0,"footnotes":""},"categories":[2],"tags":[],"class_list":["post-74128","post","type-post","status-publish","format-standard","has-post-thumbnail","hentry","category-news","category-2","description-off"],"_links":{"self":[{"href":"https:\/\/radiokfor.com\/1\/wp-json\/wp\/v2\/posts\/74128","targetHints":{"allow":["GET"]}}],"collection":[{"href":"https:\/\/radiokfor.com\/1\/wp-json\/wp\/v2\/posts"}],"about":[{"href":"https:\/\/radiokfor.com\/1\/wp-json\/wp\/v2\/types\/post"}],"author":[{"embeddable":true,"href":"https:\/\/radiokfor.com\/1\/wp-json\/wp\/v2\/users\/3"}],"replies":[{"embeddable":true,"href":"https:\/\/radiokfor.com\/1\/wp-json\/wp\/v2\/comments?post=74128"}],"version-history":[{"count":1,"href":"https:\/\/radiokfor.com\/1\/wp-json\/wp\/v2\/posts\/74128\/revisions"}],"predecessor-version":[{"id":74130,"href":"https:\/\/radiokfor.com\/1\/wp-json\/wp\/v2\/posts\/74128\/revisions\/74130"}],"wp:featuredmedia":[{"embeddable":true,"href":"https:\/\/radiokfor.com\/1\/wp-json\/wp\/v2\/media\/74129"}],"wp:attachment":[{"href":"https:\/\/radiokfor.com\/1\/wp-json\/wp\/v2\/media?parent=74128"}],"wp:term":[{"taxonomy":"category","embeddable":true,"href":"https:\/\/radiokfor.com\/1\/wp-json\/wp\/v2\/categories?post=74128"},{"taxonomy":"post_tag","embeddable":true,"href":"https:\/\/radiokfor.com\/1\/wp-json\/wp\/v2\/tags?post=74128"}],"curies":[{"name":"wp","href":"https:\/\/api.w.org\/{rel}","templated":true}]}}