{"id":73469,"date":"2024-12-05T06:01:43","date_gmt":"2024-12-05T05:01:43","guid":{"rendered":"https:\/\/radiokfor.com\/1\/?p=73469"},"modified":"2024-12-04T14:35:24","modified_gmt":"2024-12-04T13:35:24","slug":"dita-e-vullnetarizmit-ndihmese-per-zhvillim-ekonomik-dhe-social-ne-bote","status":"publish","type":"post","link":"https:\/\/radiokfor.com\/1\/dita-e-vullnetarizmit-ndihmese-per-zhvillim-ekonomik-dhe-social-ne-bote\/","title":{"rendered":"Dita e vullnetarizmit, ndihmes\u00eb p\u00ebr zhvillim ekonomik dhe social n\u00eb bot\u00eb"},"content":{"rendered":"<p>\u201cDita Nd\u00ebrkomb\u00ebtare e Vullnetarizmit p\u00ebr Zhvillimin Ekonomik dhe Social\u2019, \u00e7do vit sh\u00ebnohet me dat\u00ebn 5 dhjetor dhe ka p\u00ebr q\u00ebllim t\u00eb nderoj\u00eb dhe vler\u00ebsoj\u00eb kontributin e vullnetar\u00ebve n\u00eb p\u00ebrmir\u00ebsimin e kushteve ekonomike dhe sociale n\u00eb mbar\u00eb bot\u00ebn.<\/p>\n<p>Kjo dit\u00eb thekson r\u00ebnd\u00ebsin\u00eb e angazhimit t\u00eb individ\u00ebve dhe grupeve q\u00eb japin koh\u00ebn dhe energjin\u00eb e tyre, p\u00ebr t\u00eb mb\u00ebshtetur zhvillimin dhe mir\u00ebqenien e shoq\u00ebrive, ve\u00e7an\u00ebrisht n\u00eb zonat q\u00eb kan\u00eb nevoj\u00eb p\u00ebr ndihm\u00eb.<\/p>\n<p>Aktivitetet q\u00eb realizohen gjat\u00eb k\u00ebsaj dite, synojn\u00eb t\u00eb nxisin edhe persona t\u00eb tjer\u00eb q\u00eb t\u00eb angazhohen n\u00eb projekte vullnetarizmi dhe t\u00eb nd\u00ebrgjegj\u00ebsojn\u00eb edhe m\u00eb shum\u00eb njer\u00ebz p\u00ebr rolin e vullnetarizmit n\u00eb arritjen e q\u00ebllimeve t\u00eb zhvillimit t\u00eb q\u00ebndruesh\u00ebm.<\/p>\n","protected":false},"excerpt":{"rendered":"<p>\u201cDita Nd\u00ebrkomb\u00ebtare e Vullnetarizmit p\u00ebr Zhvillimin Ekonomik dhe Social\u2019, \u00e7do vit sh\u00ebnohet me dat\u00ebn 5 dhjetor dhe ka p\u00ebr q\u00ebllim t\u00eb nderoj\u00eb dhe vler\u00ebsoj\u00eb kontributin e vullnetar\u00ebve n\u00eb p\u00ebrmir\u00ebsimin e kushteve ekonomike dhe sociale n\u00eb mbar\u00eb bot\u00ebn. Kjo dit\u00eb thekson r\u00ebnd\u00ebsin\u00eb e angazhimit t\u00eb individ\u00ebve dhe grupeve q\u00eb japin koh\u00ebn dhe energjin\u00eb e tyre, p\u00ebr&hellip;<\/p>\n","protected":false},"author":3,"featured_media":73470,"comment_status":"closed","ping_status":"closed","sticky":false,"template":"","format":"standard","meta":{"_monsterinsights_skip_tracking":false,"_monsterinsights_sitenote_active":false,"_monsterinsights_sitenote_note":"","_monsterinsights_sitenote_category":0,"footnotes":""},"categories":[2],"tags":[],"class_list":["post-73469","post","type-post","status-publish","format-standard","has-post-thumbnail","hentry","category-news","category-2","description-off"],"_links":{"self":[{"href":"https:\/\/radiokfor.com\/1\/wp-json\/wp\/v2\/posts\/73469","targetHints":{"allow":["GET"]}}],"collection":[{"href":"https:\/\/radiokfor.com\/1\/wp-json\/wp\/v2\/posts"}],"about":[{"href":"https:\/\/radiokfor.com\/1\/wp-json\/wp\/v2\/types\/post"}],"author":[{"embeddable":true,"href":"https:\/\/radiokfor.com\/1\/wp-json\/wp\/v2\/users\/3"}],"replies":[{"embeddable":true,"href":"https:\/\/radiokfor.com\/1\/wp-json\/wp\/v2\/comments?post=73469"}],"version-history":[{"count":1,"href":"https:\/\/radiokfor.com\/1\/wp-json\/wp\/v2\/posts\/73469\/revisions"}],"predecessor-version":[{"id":73471,"href":"https:\/\/radiokfor.com\/1\/wp-json\/wp\/v2\/posts\/73469\/revisions\/73471"}],"wp:featuredmedia":[{"embeddable":true,"href":"https:\/\/radiokfor.com\/1\/wp-json\/wp\/v2\/media\/73470"}],"wp:attachment":[{"href":"https:\/\/radiokfor.com\/1\/wp-json\/wp\/v2\/media?parent=73469"}],"wp:term":[{"taxonomy":"category","embeddable":true,"href":"https:\/\/radiokfor.com\/1\/wp-json\/wp\/v2\/categories?post=73469"},{"taxonomy":"post_tag","embeddable":true,"href":"https:\/\/radiokfor.com\/1\/wp-json\/wp\/v2\/tags?post=73469"}],"curies":[{"name":"wp","href":"https:\/\/api.w.org\/{rel}","templated":true}]}}