{"id":73316,"date":"2024-11-28T15:43:34","date_gmt":"2024-11-28T14:43:34","guid":{"rendered":"https:\/\/radiokfor.com\/1\/?p=73316"},"modified":"2024-11-28T15:43:34","modified_gmt":"2024-11-28T14:43:34","slug":"perurimi-i-studiove-rezerve-te-radio-kfor-it","status":"publish","type":"post","link":"https:\/\/radiokfor.com\/1\/perurimi-i-studiove-rezerve-te-radio-kfor-it\/","title":{"rendered":"P\u00ebrurimi i studiove rezerv\u00eb t\u00eb Radio KFOR-it"},"content":{"rendered":"<p>Sot, Komandanti i misionit t\u00eb udh\u00ebhequr nga NATO-ja, KFOR, gjeneralmajor Enrico Barduani, udh\u00ebhoqi p\u00ebrurimin e studiove t\u00eb reja rezerv\u00eb t\u00eb Radio KFOR-it. K\u00ebto studio jan\u00eb t\u00eb dizajnuara p\u00ebr t\u00eb adresuar nevojat n\u00eb zhvillim t\u00eb transmetimeve moderne dhe k\u00ebrkesat specifike t\u00eb misionit t\u00eb KFOR-it n\u00eb Kosov\u00eb.<\/p>\n<p>Studiot e reja do t\u00eb mund\u00ebsojn\u00eb q\u00eb programet e specializuara t\u00eb arrijn\u00eb zonat specifike n\u00eb Kosov\u00eb, duke u fokusuar n\u00eb ngjarje apo \u00e7\u00ebshtje t\u00eb ve\u00e7anta, q\u00eb p\u00ebrputhen me interesat dhe objektivat e misionit t\u00eb KFOR-it.<\/p>\n<p>K\u00ebto studio rezerv\u00eb t\u00eb Radio KFOR-it, jo vet\u00ebm q\u00eb do t\u00eb forcojn\u00eb q\u00ebndrueshm\u00ebrin\u00eb operacionale t\u00eb Radio KFOR-it, por gjithashtu do t\u00eb rrisin aft\u00ebsin\u00eb e vet\u00eb, p\u00ebr t&#8217;i sh\u00ebrbyer audiencave t\u00eb ndryshme me p\u00ebrmbajtje dinamike dhe me cil\u00ebsi t\u00eb lart\u00eb.<\/p>\n<p>P\u00ebrurimi rikonfirmon rolin e Radio KFOR-it, si z\u00eb i paqes, toleranc\u00ebs dhe inovacionit n\u00eb rajon.<\/p>\n<p><img loading=\"lazy\" decoding=\"async\" class=\"alignnone size-full wp-image-73318\" src=\"https:\/\/radiokfor.com\/1\/wp-content\/uploads\/2024\/11\/Major-General-Barduani-3.png\" alt=\"\" width=\"982\" height=\"661\" srcset=\"https:\/\/radiokfor.com\/1\/wp-content\/uploads\/2024\/11\/Major-General-Barduani-3.png 982w, https:\/\/radiokfor.com\/1\/wp-content\/uploads\/2024\/11\/Major-General-Barduani-3-300x202.png 300w, https:\/\/radiokfor.com\/1\/wp-content\/uploads\/2024\/11\/Major-General-Barduani-3-768x517.png 768w\" sizes=\"auto, (max-width: 982px) 100vw, 982px\" \/><\/p>\n<p>&nbsp;<\/p>\n<p><img loading=\"lazy\" decoding=\"async\" class=\"alignnone size-full wp-image-73319\" src=\"https:\/\/radiokfor.com\/1\/wp-content\/uploads\/2024\/11\/Major-General-Barduani-2.png\" alt=\"\" width=\"958\" height=\"636\" srcset=\"https:\/\/radiokfor.com\/1\/wp-content\/uploads\/2024\/11\/Major-General-Barduani-2.png 958w, https:\/\/radiokfor.com\/1\/wp-content\/uploads\/2024\/11\/Major-General-Barduani-2-300x199.png 300w, https:\/\/radiokfor.com\/1\/wp-content\/uploads\/2024\/11\/Major-General-Barduani-2-768x510.png 768w\" sizes=\"auto, (max-width: 958px) 100vw, 958px\" \/><\/p>\n","protected":false},"excerpt":{"rendered":"<p>Sot, Komandanti i misionit t\u00eb udh\u00ebhequr nga NATO-ja, KFOR, gjeneralmajor Enrico Barduani, udh\u00ebhoqi p\u00ebrurimin e studiove t\u00eb reja rezerv\u00eb t\u00eb Radio KFOR-it. K\u00ebto studio jan\u00eb t\u00eb dizajnuara p\u00ebr t\u00eb adresuar nevojat n\u00eb zhvillim t\u00eb transmetimeve moderne dhe k\u00ebrkesat specifike t\u00eb misionit t\u00eb KFOR-it n\u00eb Kosov\u00eb. Studiot e reja do t\u00eb mund\u00ebsojn\u00eb q\u00eb programet e specializuara&hellip;<\/p>\n","protected":false},"author":3,"featured_media":73317,"comment_status":"closed","ping_status":"closed","sticky":false,"template":"","format":"standard","meta":{"_monsterinsights_skip_tracking":false,"_monsterinsights_sitenote_active":false,"_monsterinsights_sitenote_note":"","_monsterinsights_sitenote_category":0,"footnotes":""},"categories":[2],"tags":[],"class_list":["post-73316","post","type-post","status-publish","format-standard","has-post-thumbnail","hentry","category-news","category-2","description-off"],"_links":{"self":[{"href":"https:\/\/radiokfor.com\/1\/wp-json\/wp\/v2\/posts\/73316","targetHints":{"allow":["GET"]}}],"collection":[{"href":"https:\/\/radiokfor.com\/1\/wp-json\/wp\/v2\/posts"}],"about":[{"href":"https:\/\/radiokfor.com\/1\/wp-json\/wp\/v2\/types\/post"}],"author":[{"embeddable":true,"href":"https:\/\/radiokfor.com\/1\/wp-json\/wp\/v2\/users\/3"}],"replies":[{"embeddable":true,"href":"https:\/\/radiokfor.com\/1\/wp-json\/wp\/v2\/comments?post=73316"}],"version-history":[{"count":1,"href":"https:\/\/radiokfor.com\/1\/wp-json\/wp\/v2\/posts\/73316\/revisions"}],"predecessor-version":[{"id":73320,"href":"https:\/\/radiokfor.com\/1\/wp-json\/wp\/v2\/posts\/73316\/revisions\/73320"}],"wp:featuredmedia":[{"embeddable":true,"href":"https:\/\/radiokfor.com\/1\/wp-json\/wp\/v2\/media\/73317"}],"wp:attachment":[{"href":"https:\/\/radiokfor.com\/1\/wp-json\/wp\/v2\/media?parent=73316"}],"wp:term":[{"taxonomy":"category","embeddable":true,"href":"https:\/\/radiokfor.com\/1\/wp-json\/wp\/v2\/categories?post=73316"},{"taxonomy":"post_tag","embeddable":true,"href":"https:\/\/radiokfor.com\/1\/wp-json\/wp\/v2\/tags?post=73316"}],"curies":[{"name":"wp","href":"https:\/\/api.w.org\/{rel}","templated":true}]}}