{"id":73129,"date":"2024-11-19T06:02:42","date_gmt":"2024-11-19T05:02:42","guid":{"rendered":"https:\/\/radiokfor.com\/1\/?p=73129"},"modified":"2024-11-14T14:26:37","modified_gmt":"2024-11-14T13:26:37","slug":"sot-nderojme-punen-dhe-kontributin-e-gazetareve-ne-mbare-boten","status":"publish","type":"post","link":"https:\/\/radiokfor.com\/1\/sot-nderojme-punen-dhe-kontributin-e-gazetareve-ne-mbare-boten\/","title":{"rendered":"Sot nderojm\u00eb pun\u00ebn dhe kontributin e gazetar\u00ebve, n\u00eb mbar\u00eb bot\u00ebn"},"content":{"rendered":"<p>Dita e sotme 19 n\u00ebntori, sh\u00ebnon \u2018Dit\u00ebn Nd\u00ebrkomb\u00ebtare t\u00eb Gazetar\u00ebve\u2019, nj\u00eb moment i r\u00ebnd\u00ebsish\u00ebm p\u00ebr t\u00eb nderuar pun\u00ebn dhe sakrificat e tyre p\u00ebr t\u00eb sjell\u00eb informacion t\u00eb sakt\u00eb dhe t\u00eb besuesh\u00ebm p\u00ebr publikun. Gazetaria \u00ebsht\u00eb nj\u00eb nga shtyllat m\u00eb t\u00eb r\u00ebnd\u00ebsishme t\u00eb shoq\u00ebris\u00eb, pasi ajo luan nj\u00eb rol t\u00eb paz\u00ebvend\u00ebsuesh\u00ebm n\u00eb informimin, arg\u00ebtimin dhe edukimin e qytetar\u00ebve.<\/p>\n<p>Megjithat\u00eb, jeta dhe puna e gazetar\u00ebve shpesh rrezikohet, kur ata raportojn\u00eb n\u00eb situata t\u00eb ndryshme konfliktesh, luft\u00ebrash apo raportimi i \u00e7\u00ebshtjeve t\u00eb tjera si\u00e7 jan\u00eb kriminaliteti, kontrabanda, ryshfeti, keqp\u00ebrdorimin e pozitave zyrtare e politike, etj. Kjo dit\u00eb m\u00ebton t\u00eb rris\u00eb nd\u00ebrgjegj\u00ebsimin p\u00ebr r\u00ebnd\u00ebsin\u00eb e liris\u00eb s\u00eb shtypit, mbrojtjen e t\u00eb drejt\u00ebs p\u00ebr informacion dhe sigurin\u00eb e gazetar\u00ebve q\u00eb punojn\u00eb n\u00eb kushte t\u00eb v\u00ebshtira. Sipas raportit t\u00eb Komitetit t\u00eb Mbrojtjes s\u00eb Gazetar\u00ebve, \u00e7do vit, mij\u00ebra gazetar\u00eb n\u00eb mbar\u00eb bot\u00ebn p\u00ebrballen me k\u00ebrc\u00ebnime, kontrolle, presion e madje edhe me vrasje, p\u00ebr shkak t\u00eb raportimeve t\u00eb tyre.<\/p>\n<p>\u2018Dita Nd\u00ebrkomb\u00ebtare e Gazetar\u00ebve\u2019 \u00ebsht\u00eb nj\u00eb mund\u00ebsi p\u00ebr t\u00eb reflektuar mbi rolin e gazetaris\u00eb n\u00eb ndihm\u00ebn e nd\u00ebrtimit t\u00eb nj\u00eb bote m\u00eb t\u00eb informuar dhe m\u00eb t\u00eb drejt\u00eb. Gazetar\u00ebt jan\u00eb ndihm\u00ebs t\u00eb padiskutuesh\u00ebm n\u00eb ruajtjen e demokracis\u00eb dhe detyra e tyre \u00ebsht\u00eb t\u00eb raportojn\u00eb t\u00eb v\u00ebrtet\u00ebn n\u00eb \u00e7do moment dhe \u00e7do rrethan\u00eb.<\/p>\n","protected":false},"excerpt":{"rendered":"<p>Dita e sotme 19 n\u00ebntori, sh\u00ebnon \u2018Dit\u00ebn Nd\u00ebrkomb\u00ebtare t\u00eb Gazetar\u00ebve\u2019, nj\u00eb moment i r\u00ebnd\u00ebsish\u00ebm p\u00ebr t\u00eb nderuar pun\u00ebn dhe sakrificat e tyre p\u00ebr t\u00eb sjell\u00eb informacion t\u00eb sakt\u00eb dhe t\u00eb besuesh\u00ebm p\u00ebr publikun. Gazetaria \u00ebsht\u00eb nj\u00eb nga shtyllat m\u00eb t\u00eb r\u00ebnd\u00ebsishme t\u00eb shoq\u00ebris\u00eb, pasi ajo luan nj\u00eb rol t\u00eb paz\u00ebvend\u00ebsuesh\u00ebm n\u00eb informimin, arg\u00ebtimin dhe edukimin&hellip;<\/p>\n","protected":false},"author":3,"featured_media":73130,"comment_status":"closed","ping_status":"closed","sticky":false,"template":"","format":"standard","meta":{"_monsterinsights_skip_tracking":false,"_monsterinsights_sitenote_active":false,"_monsterinsights_sitenote_note":"","_monsterinsights_sitenote_category":0,"footnotes":""},"categories":[2],"tags":[],"class_list":["post-73129","post","type-post","status-publish","format-standard","has-post-thumbnail","hentry","category-news","category-2","description-off"],"_links":{"self":[{"href":"https:\/\/radiokfor.com\/1\/wp-json\/wp\/v2\/posts\/73129","targetHints":{"allow":["GET"]}}],"collection":[{"href":"https:\/\/radiokfor.com\/1\/wp-json\/wp\/v2\/posts"}],"about":[{"href":"https:\/\/radiokfor.com\/1\/wp-json\/wp\/v2\/types\/post"}],"author":[{"embeddable":true,"href":"https:\/\/radiokfor.com\/1\/wp-json\/wp\/v2\/users\/3"}],"replies":[{"embeddable":true,"href":"https:\/\/radiokfor.com\/1\/wp-json\/wp\/v2\/comments?post=73129"}],"version-history":[{"count":2,"href":"https:\/\/radiokfor.com\/1\/wp-json\/wp\/v2\/posts\/73129\/revisions"}],"predecessor-version":[{"id":73132,"href":"https:\/\/radiokfor.com\/1\/wp-json\/wp\/v2\/posts\/73129\/revisions\/73132"}],"wp:featuredmedia":[{"embeddable":true,"href":"https:\/\/radiokfor.com\/1\/wp-json\/wp\/v2\/media\/73130"}],"wp:attachment":[{"href":"https:\/\/radiokfor.com\/1\/wp-json\/wp\/v2\/media?parent=73129"}],"wp:term":[{"taxonomy":"category","embeddable":true,"href":"https:\/\/radiokfor.com\/1\/wp-json\/wp\/v2\/categories?post=73129"},{"taxonomy":"post_tag","embeddable":true,"href":"https:\/\/radiokfor.com\/1\/wp-json\/wp\/v2\/tags?post=73129"}],"curies":[{"name":"wp","href":"https:\/\/api.w.org\/{rel}","templated":true}]}}