{"id":73095,"date":"2024-11-08T09:01:39","date_gmt":"2024-11-08T08:01:39","guid":{"rendered":"https:\/\/radiokfor.com\/1\/?p=73095"},"modified":"2024-11-08T09:02:04","modified_gmt":"2024-11-08T08:02:04","slug":"ardi-dhe-mirdoni-vijne-me-surprizen-me-te-mire-per-fansat-e-tyre","status":"publish","type":"post","link":"https:\/\/radiokfor.com\/1\/ardi-dhe-mirdoni-vijne-me-surprizen-me-te-mire-per-fansat-e-tyre\/","title":{"rendered":"Ardi dhe Mirdoni vijn\u00eb me surpriz\u00ebn m\u00eb t\u00eb mir\u00eb p\u00ebr fansat e tyre"},"content":{"rendered":"<p>Dy artist\u00ebt e mir\u00ebnjohur, Ardi dhe Mirdoni t\u00eb cil\u00ebt po na sjellin hite t\u00eb nj\u00ebpasnj\u00ebshme dhe jan\u00eb shum\u00eb aktiv me projekte t\u00eb reja n\u00eb industrin\u00eb muzikore, s\u00eb shpejti kan\u00eb paralajm\u00ebruar se do t\u00eb sjellin n\u00eb treg nj\u00eb tjet\u00ebr surpriz\u00eb p\u00ebr fansat e tyre.<\/p>\n<p>Artist\u00ebt kan\u00eb paralajm\u00ebruar se me dat\u00ebn 10 n\u00ebntor, do t\u00eb b\u00ebjn\u00eb promovimin e albumit t\u00eb tyre m\u00eb t\u00eb ri, t\u00eb cilin e kan\u00eb em\u00ebrtuar \u2018Pak Diell\u2019. Sipas Adit dhe Mirdonit, studio albumi i tyre m\u00eb i ri, p\u00ebrmban 10 k\u00ebng\u00eb t\u00eb reja, t\u00eb cilat do t\u00eb jen\u00eb t\u00eb finalizuara edhe me videoklipe. K\u00ebng\u00ebt jan\u00eb nga t\u00eb gjitha zhanret muzikore, duke filluar nga baladat e deri te k\u00ebng\u00ebt popullore.<\/p>\n<p>Artist\u00ebt s\u00eb fundmi publikuan edhe projektin e tyre m\u00eb t\u00eb ri muzikor, k\u00ebng\u00ebn e shk\u00ebputur nga albumi m\u00eb i ri, t\u00eb titulluar \u2018E doja\u2019, t\u00eb cil\u00ebn e kan\u00eb realizuar n\u00eb bashk\u00ebpunim me, Luiz Ejllin.<\/p>\n<p><img loading=\"lazy\" decoding=\"async\" class=\"alignnone size-full wp-image-73098\" src=\"https:\/\/radiokfor.com\/1\/wp-content\/uploads\/2024\/11\/Ard-Mirdon-1-1.png\" alt=\"\" width=\"477\" height=\"794\" \/><\/p>\n","protected":false},"excerpt":{"rendered":"<p>Dy artist\u00ebt e mir\u00ebnjohur, Ardi dhe Mirdoni t\u00eb cil\u00ebt po na sjellin hite t\u00eb nj\u00ebpasnj\u00ebshme dhe jan\u00eb shum\u00eb aktiv me projekte t\u00eb reja n\u00eb industrin\u00eb muzikore, s\u00eb shpejti kan\u00eb paralajm\u00ebruar se do t\u00eb sjellin n\u00eb treg nj\u00eb tjet\u00ebr surpriz\u00eb p\u00ebr fansat e tyre. Artist\u00ebt kan\u00eb paralajm\u00ebruar se me dat\u00ebn 10 n\u00ebntor, do t\u00eb b\u00ebjn\u00eb promovimin&hellip;<\/p>\n","protected":false},"author":3,"featured_media":73097,"comment_status":"closed","ping_status":"closed","sticky":false,"template":"","format":"standard","meta":{"_monsterinsights_skip_tracking":false,"_monsterinsights_sitenote_active":false,"_monsterinsights_sitenote_note":"","_monsterinsights_sitenote_category":0,"footnotes":""},"categories":[2],"tags":[],"class_list":["post-73095","post","type-post","status-publish","format-standard","has-post-thumbnail","hentry","category-news","category-2","description-off"],"_links":{"self":[{"href":"https:\/\/radiokfor.com\/1\/wp-json\/wp\/v2\/posts\/73095","targetHints":{"allow":["GET"]}}],"collection":[{"href":"https:\/\/radiokfor.com\/1\/wp-json\/wp\/v2\/posts"}],"about":[{"href":"https:\/\/radiokfor.com\/1\/wp-json\/wp\/v2\/types\/post"}],"author":[{"embeddable":true,"href":"https:\/\/radiokfor.com\/1\/wp-json\/wp\/v2\/users\/3"}],"replies":[{"embeddable":true,"href":"https:\/\/radiokfor.com\/1\/wp-json\/wp\/v2\/comments?post=73095"}],"version-history":[{"count":1,"href":"https:\/\/radiokfor.com\/1\/wp-json\/wp\/v2\/posts\/73095\/revisions"}],"predecessor-version":[{"id":73099,"href":"https:\/\/radiokfor.com\/1\/wp-json\/wp\/v2\/posts\/73095\/revisions\/73099"}],"wp:featuredmedia":[{"embeddable":true,"href":"https:\/\/radiokfor.com\/1\/wp-json\/wp\/v2\/media\/73097"}],"wp:attachment":[{"href":"https:\/\/radiokfor.com\/1\/wp-json\/wp\/v2\/media?parent=73095"}],"wp:term":[{"taxonomy":"category","embeddable":true,"href":"https:\/\/radiokfor.com\/1\/wp-json\/wp\/v2\/categories?post=73095"},{"taxonomy":"post_tag","embeddable":true,"href":"https:\/\/radiokfor.com\/1\/wp-json\/wp\/v2\/tags?post=73095"}],"curies":[{"name":"wp","href":"https:\/\/api.w.org\/{rel}","templated":true}]}}