{"id":73029,"date":"2024-11-08T06:03:47","date_gmt":"2024-11-08T05:03:47","guid":{"rendered":"https:\/\/radiokfor.com\/1\/?p=73029"},"modified":"2024-11-04T17:23:22","modified_gmt":"2024-11-04T16:23:22","slug":"shenohet-sot-dita-boterore-e-radiologjise","status":"publish","type":"post","link":"https:\/\/radiokfor.com\/1\/shenohet-sot-dita-boterore-e-radiologjise\/","title":{"rendered":"Sh\u00ebnohet sot \u201cDita Bot\u00ebrore e Radiologjis\u00eb\u201d"},"content":{"rendered":"<p>\u00c7do vit m\u00eb 8 n\u00ebntor, sh\u00ebnohet \u201cDita Bot\u00ebrore e Radiologjis\u00eb\u201d, e vendosur nga Shoq\u00ebria Evropiane e Radiologjis\u00eb, Shoqata Radiologjike e Amerik\u00ebs s\u00eb Veriut dhe Kolegji Amerikan i Radiologjis\u00eb, q\u00eb nga viti 2012.<\/p>\n<p>\u201cDita e Radiologjis\u00eb\u201d \u00ebsht\u00eb nj\u00eb ngjarje vjetore q\u00eb njeh rolin kritik t\u00eb radiologjis\u00eb n\u00eb mjek\u00ebsi, duke theksuar pun\u00ebn e vlefshme t\u00eb radiolog\u00ebve dhe profesionist\u00ebve t\u00eb tjer\u00eb mjek\u00ebsor\u00eb, t\u00eb cil\u00ebt p\u00ebrdorin teknologjin\u00eb p\u00ebr t\u00eb diagnostikuar dhe trajtuar nj\u00eb gam\u00eb t\u00eb gjer\u00eb, nga frakturat deri te s\u00ebmundjet komplekse.<\/p>\n<p>Kjo ngjarje vjetore synon t\u00eb rris\u00eb nd\u00ebrgjegj\u00ebsimin p\u00ebr r\u00ebnd\u00ebsin\u00eb e radiologjis\u00eb n\u00eb p\u00ebrmir\u00ebsimin e kujdesit ndaj pacient\u00ebve, avancimin e shkenc\u00ebs mjek\u00ebsore dhe p\u00ebrmir\u00ebsimin kushteve sh\u00ebndet\u00ebsore. Aktivitetet, p\u00ebr t\u00eb sh\u00ebnuar k\u00ebt\u00eb dit\u00eb, zakonisht p\u00ebrfshijn\u00eb konferenca, seminare dhe aktivitete edukative p\u00ebr profesionist\u00ebt e sh\u00ebndet\u00ebsis\u00eb dhe publikun.<\/p>\n","protected":false},"excerpt":{"rendered":"<p>\u00c7do vit m\u00eb 8 n\u00ebntor, sh\u00ebnohet \u201cDita Bot\u00ebrore e Radiologjis\u00eb\u201d, e vendosur nga Shoq\u00ebria Evropiane e Radiologjis\u00eb, Shoqata Radiologjike e Amerik\u00ebs s\u00eb Veriut dhe Kolegji Amerikan i Radiologjis\u00eb, q\u00eb nga viti 2012. \u201cDita e Radiologjis\u00eb\u201d \u00ebsht\u00eb nj\u00eb ngjarje vjetore q\u00eb njeh rolin kritik t\u00eb radiologjis\u00eb n\u00eb mjek\u00ebsi, duke theksuar pun\u00ebn e vlefshme t\u00eb radiolog\u00ebve dhe&hellip;<\/p>\n","protected":false},"author":3,"featured_media":73030,"comment_status":"closed","ping_status":"closed","sticky":false,"template":"","format":"standard","meta":{"_monsterinsights_skip_tracking":false,"_monsterinsights_sitenote_active":false,"_monsterinsights_sitenote_note":"","_monsterinsights_sitenote_category":0,"footnotes":""},"categories":[2],"tags":[],"class_list":["post-73029","post","type-post","status-publish","format-standard","has-post-thumbnail","hentry","category-news","category-2","description-off"],"_links":{"self":[{"href":"https:\/\/radiokfor.com\/1\/wp-json\/wp\/v2\/posts\/73029","targetHints":{"allow":["GET"]}}],"collection":[{"href":"https:\/\/radiokfor.com\/1\/wp-json\/wp\/v2\/posts"}],"about":[{"href":"https:\/\/radiokfor.com\/1\/wp-json\/wp\/v2\/types\/post"}],"author":[{"embeddable":true,"href":"https:\/\/radiokfor.com\/1\/wp-json\/wp\/v2\/users\/3"}],"replies":[{"embeddable":true,"href":"https:\/\/radiokfor.com\/1\/wp-json\/wp\/v2\/comments?post=73029"}],"version-history":[{"count":1,"href":"https:\/\/radiokfor.com\/1\/wp-json\/wp\/v2\/posts\/73029\/revisions"}],"predecessor-version":[{"id":73031,"href":"https:\/\/radiokfor.com\/1\/wp-json\/wp\/v2\/posts\/73029\/revisions\/73031"}],"wp:featuredmedia":[{"embeddable":true,"href":"https:\/\/radiokfor.com\/1\/wp-json\/wp\/v2\/media\/73030"}],"wp:attachment":[{"href":"https:\/\/radiokfor.com\/1\/wp-json\/wp\/v2\/media?parent=73029"}],"wp:term":[{"taxonomy":"category","embeddable":true,"href":"https:\/\/radiokfor.com\/1\/wp-json\/wp\/v2\/categories?post=73029"},{"taxonomy":"post_tag","embeddable":true,"href":"https:\/\/radiokfor.com\/1\/wp-json\/wp\/v2\/tags?post=73029"}],"curies":[{"name":"wp","href":"https:\/\/api.w.org\/{rel}","templated":true}]}}