{"id":72692,"date":"2024-10-03T06:00:20","date_gmt":"2024-10-03T04:00:20","guid":{"rendered":"https:\/\/radiokfor.com\/1\/?p=72692"},"modified":"2024-09-23T15:25:10","modified_gmt":"2024-09-23T13:25:10","slug":"prishtina-pergatitet-per-race-for-the-cure-2024","status":"publish","type":"post","link":"https:\/\/radiokfor.com\/1\/prishtina-pergatitet-per-race-for-the-cure-2024\/","title":{"rendered":"Prishtina p\u00ebrgatitet p\u00ebr &#8220;Race For the Cure 2024&#8221;"},"content":{"rendered":"<p>M\u00eb 6 tetor, Prishtina do t\u00eb jet\u00eb nikoqire e edicionit bamir\u00ebs t\u00eb radh\u00ebs &#8220;Race For the Cure&#8221;, nj\u00eb ngjarje kjo vjetore e cila mbledh mij\u00ebra njer\u00ebz p\u00ebr t\u00eb mb\u00ebshtetur luft\u00ebn kund\u00ebr kancerit t\u00eb gjirit. Ngjarja do t\u00eb mbahet n\u00eb zemr\u00ebn e qytetit, n\u00eb rrug\u00ebn &#8220;N\u00ebn\u00eb Tereza&#8221;, ku pjes\u00ebmarr\u00ebsit do t\u00eb ken\u00eb mund\u00ebsin\u00eb t\u00eb bashkohen n\u00eb nj\u00eb gar\u00eb simbolike p\u00ebr t\u00eb rritur nd\u00ebrgjegj\u00ebsimin dhe p\u00ebr t\u00eb mbledhur fonde p\u00ebr kauz\u00ebn.<\/p>\n<p>&#8220;Race For the Cure&#8221; \u00ebsht\u00eb organizuar n\u00eb shum\u00eb qytete anemban\u00eb bot\u00ebs dhe p\u00ebrve\u00e7 aspektit sportiv, synon t\u00eb krijoj\u00eb nj\u00eb frym\u00eb solidariteti dhe mb\u00ebshtetjeje p\u00ebr t\u00eb prekurit nga kanceri i gjirit dhe familjet e tyre. N\u00eb Prishtin\u00eb, pritet nj\u00eb pjes\u00ebmarrje e madhe nga komuniteti lokal, organizata t\u00eb shoq\u00ebris\u00eb civile dhe qytetar\u00eb nga mbar\u00eb Kosova.<\/p>\n<p>Kjo ngjarje jo vet\u00ebm q\u00eb promovon sh\u00ebndetin dhe mir\u00ebqenien, por gjithashtu forcon r\u00ebnd\u00ebsin\u00eb e diagnostikimit t\u00eb hersh\u00ebm dhe kujdesit sh\u00ebndet\u00ebsor p\u00ebr t\u00eb gjitha grat\u00eb. Pjes\u00ebmarr\u00ebsit do t\u00eb mund t\u00eb regjistrohen paraprakisht online ose n\u00eb vend t\u00eb ngjarjes.<\/p>\n<p>&#8220;Race For the Cure&#8221; i fton t\u00eb gjith\u00eb q\u00eb ti bashkohen k\u00ebsaj iniciative, p\u00ebr t\u00eb treguar mb\u00ebshtetje dhe p\u00ebr t\u00eb qen\u00eb pjes\u00eb e ndryshimit!<\/p>\n","protected":false},"excerpt":{"rendered":"<p>M\u00eb 6 tetor, Prishtina do t\u00eb jet\u00eb nikoqire e edicionit bamir\u00ebs t\u00eb radh\u00ebs &#8220;Race For the Cure&#8221;, nj\u00eb ngjarje kjo vjetore e cila mbledh mij\u00ebra njer\u00ebz p\u00ebr t\u00eb mb\u00ebshtetur luft\u00ebn kund\u00ebr kancerit t\u00eb gjirit. Ngjarja do t\u00eb mbahet n\u00eb zemr\u00ebn e qytetit, n\u00eb rrug\u00ebn &#8220;N\u00ebn\u00eb Tereza&#8221;, ku pjes\u00ebmarr\u00ebsit do t\u00eb ken\u00eb mund\u00ebsin\u00eb t\u00eb bashkohen n\u00eb&hellip;<\/p>\n","protected":false},"author":3,"featured_media":72693,"comment_status":"closed","ping_status":"closed","sticky":false,"template":"","format":"standard","meta":{"_monsterinsights_skip_tracking":false,"_monsterinsights_sitenote_active":false,"_monsterinsights_sitenote_note":"","_monsterinsights_sitenote_category":0,"footnotes":""},"categories":[2],"tags":[],"class_list":["post-72692","post","type-post","status-publish","format-standard","has-post-thumbnail","hentry","category-news","category-2","description-off"],"_links":{"self":[{"href":"https:\/\/radiokfor.com\/1\/wp-json\/wp\/v2\/posts\/72692","targetHints":{"allow":["GET"]}}],"collection":[{"href":"https:\/\/radiokfor.com\/1\/wp-json\/wp\/v2\/posts"}],"about":[{"href":"https:\/\/radiokfor.com\/1\/wp-json\/wp\/v2\/types\/post"}],"author":[{"embeddable":true,"href":"https:\/\/radiokfor.com\/1\/wp-json\/wp\/v2\/users\/3"}],"replies":[{"embeddable":true,"href":"https:\/\/radiokfor.com\/1\/wp-json\/wp\/v2\/comments?post=72692"}],"version-history":[{"count":1,"href":"https:\/\/radiokfor.com\/1\/wp-json\/wp\/v2\/posts\/72692\/revisions"}],"predecessor-version":[{"id":72694,"href":"https:\/\/radiokfor.com\/1\/wp-json\/wp\/v2\/posts\/72692\/revisions\/72694"}],"wp:featuredmedia":[{"embeddable":true,"href":"https:\/\/radiokfor.com\/1\/wp-json\/wp\/v2\/media\/72693"}],"wp:attachment":[{"href":"https:\/\/radiokfor.com\/1\/wp-json\/wp\/v2\/media?parent=72692"}],"wp:term":[{"taxonomy":"category","embeddable":true,"href":"https:\/\/radiokfor.com\/1\/wp-json\/wp\/v2\/categories?post=72692"},{"taxonomy":"post_tag","embeddable":true,"href":"https:\/\/radiokfor.com\/1\/wp-json\/wp\/v2\/tags?post=72692"}],"curies":[{"name":"wp","href":"https:\/\/api.w.org\/{rel}","templated":true}]}}