{"id":72516,"date":"2024-09-18T06:02:26","date_gmt":"2024-09-18T04:02:26","guid":{"rendered":"https:\/\/radiokfor.com\/1\/?p=72516"},"modified":"2024-09-16T11:38:37","modified_gmt":"2024-09-16T09:38:37","slug":"miqte-jane-familja-qe-ne-zgjedhim-per-veten-tone","status":"publish","type":"post","link":"https:\/\/radiokfor.com\/1\/miqte-jane-familja-qe-ne-zgjedhim-per-veten-tone\/","title":{"rendered":"Miqt\u00eb jan\u00eb familja q\u00eb ne zgjedhim p\u00ebr veten ton\u00eb"},"content":{"rendered":"<p>Muaji i Miq\u00ebsis\u00eb \u00ebsht\u00eb nj\u00eb koh\u00eb e shk\u00eblqyer p\u00ebr t\u00eb festuar dhe vler\u00ebsuar miq\u00ebsit\u00eb n\u00eb jet\u00ebn ton\u00eb. Muaji shtator, n\u00eb shum\u00eb vende t\u00eb bot\u00ebs njihet edhe si \u2018Muaj i Miq\u00ebsis\u00eb\u2019, p\u00ebr t\u00eb nderuar miqt\u00eb besnik. Ky muaj \u00ebsht\u00eb nj\u00eb mund\u00ebsi p\u00ebr t\u00eb vler\u00ebsuar dhe forcuar marr\u00ebdh\u00ebniet e mira nd\u00ebrmjet njer\u00ebzve, p\u00ebr t\u00eb n\u00ebnvizuar r\u00ebnd\u00ebsin\u00eb e miq\u00ebsis\u00eb n\u00eb jet\u00ebn ton\u00eb dhe p\u00ebr t\u00eb nderuar ato lidhje q\u00eb na ndihmojn\u00eb t\u00eb rritemi dhe t\u00eb zhvillohemi si individ\u00eb.<\/p>\n<p>Miq\u00ebsia \u00ebsht\u00eb nj\u00eb komponent ky\u00e7 n\u00eb mir\u00ebqenien ton\u00eb emocionale dhe sociale, e cila na ofron mb\u00ebshtetje, ndihm\u00eb dhe shpeshher\u00eb edhe g\u00ebzim dhe k\u00ebnaq\u00ebsi. Festimi i \u2018Muajit t\u00eb Miq\u00ebsis\u00eb\u2019, ndihmon n\u00eb promovimin e k\u00ebtyre vlerave dhe p\u00ebrkujton r\u00ebnd\u00ebsin\u00eb e ndihm\u00ebs dhe solidaritetit nd\u00ebrmjet njer\u00ebzve.<\/p>\n<p>Radio KFOR-i ju sjell\u00eb disa ide se si t\u00eb festojm\u00eb gjat\u00eb k\u00ebtij muaji:<\/p>\n<p>Merrni pak koh\u00eb p\u00ebr t&#8217;u shkruar letra ose sh\u00ebnime t\u00eb p\u00ebrzem\u00ebrta miqve tuaj, duke i b\u00ebr\u00eb t\u00eb ditur se sa r\u00ebnd\u00ebsi kan\u00eb p\u00ebr ju.<\/p>\n<p>Organizoni nj\u00eb takim, pavar\u00ebsisht n\u00ebse \u00ebsht\u00eb nj\u00eb dark\u00eb rast\u00ebsie, nj\u00eb nat\u00eb arg\u00ebtuese me aktivitete t\u00eb ndryshme ose nj\u00eb piknik n\u00eb natyr\u00eb.<\/p>\n<p>Krijoni nj\u00eb lib\u00ebr sh\u00ebnimesh ose nj\u00eb album fotografik, t\u00eb mbushur me kujtime dhe fotografi q\u00eb portretizojn\u00eb momente t\u00eb bukura, t\u00eb krijuara bashk\u00eb.<\/p>\n<p>B\u00ebni ndonj\u00eb dhurat\u00eb simbolike, dhurata t\u00eb vogla dhe t\u00eb personalizuara, q\u00eb mund t\u00eb jen\u00eb nj\u00eb m\u00ebnyr\u00eb e shk\u00eblqyer p\u00ebr t\u00eb treguar vler\u00ebsimin ndaj miqve tuaj.<\/p>\n<p>Festimi i Muajit t\u00eb Miq\u00ebsis\u00eb mund t\u00eb jet\u00eb nj\u00eb m\u00ebnyr\u00eb e mrekullueshme p\u00ebr t\u00eb forcuar miq\u00ebsit\u00eb ekzistuese dhe ndoshta edhe p\u00ebr t\u00eb rindezur miq\u00ebsi t\u00eb vjetra.<\/p>\n<p>&nbsp;<\/p>\n","protected":false},"excerpt":{"rendered":"<p>Muaji i Miq\u00ebsis\u00eb \u00ebsht\u00eb nj\u00eb koh\u00eb e shk\u00eblqyer p\u00ebr t\u00eb festuar dhe vler\u00ebsuar miq\u00ebsit\u00eb n\u00eb jet\u00ebn ton\u00eb. Muaji shtator, n\u00eb shum\u00eb vende t\u00eb bot\u00ebs njihet edhe si \u2018Muaj i Miq\u00ebsis\u00eb\u2019, p\u00ebr t\u00eb nderuar miqt\u00eb besnik. Ky muaj \u00ebsht\u00eb nj\u00eb mund\u00ebsi p\u00ebr t\u00eb vler\u00ebsuar dhe forcuar marr\u00ebdh\u00ebniet e mira nd\u00ebrmjet njer\u00ebzve, p\u00ebr t\u00eb n\u00ebnvizuar r\u00ebnd\u00ebsin\u00eb e&hellip;<\/p>\n","protected":false},"author":3,"featured_media":72517,"comment_status":"closed","ping_status":"closed","sticky":false,"template":"","format":"standard","meta":{"_monsterinsights_skip_tracking":false,"_monsterinsights_sitenote_active":false,"_monsterinsights_sitenote_note":"","_monsterinsights_sitenote_category":0,"footnotes":""},"categories":[2],"tags":[],"class_list":["post-72516","post","type-post","status-publish","format-standard","has-post-thumbnail","hentry","category-news","category-2","description-off"],"_links":{"self":[{"href":"https:\/\/radiokfor.com\/1\/wp-json\/wp\/v2\/posts\/72516","targetHints":{"allow":["GET"]}}],"collection":[{"href":"https:\/\/radiokfor.com\/1\/wp-json\/wp\/v2\/posts"}],"about":[{"href":"https:\/\/radiokfor.com\/1\/wp-json\/wp\/v2\/types\/post"}],"author":[{"embeddable":true,"href":"https:\/\/radiokfor.com\/1\/wp-json\/wp\/v2\/users\/3"}],"replies":[{"embeddable":true,"href":"https:\/\/radiokfor.com\/1\/wp-json\/wp\/v2\/comments?post=72516"}],"version-history":[{"count":1,"href":"https:\/\/radiokfor.com\/1\/wp-json\/wp\/v2\/posts\/72516\/revisions"}],"predecessor-version":[{"id":72518,"href":"https:\/\/radiokfor.com\/1\/wp-json\/wp\/v2\/posts\/72516\/revisions\/72518"}],"wp:featuredmedia":[{"embeddable":true,"href":"https:\/\/radiokfor.com\/1\/wp-json\/wp\/v2\/media\/72517"}],"wp:attachment":[{"href":"https:\/\/radiokfor.com\/1\/wp-json\/wp\/v2\/media?parent=72516"}],"wp:term":[{"taxonomy":"category","embeddable":true,"href":"https:\/\/radiokfor.com\/1\/wp-json\/wp\/v2\/categories?post=72516"},{"taxonomy":"post_tag","embeddable":true,"href":"https:\/\/radiokfor.com\/1\/wp-json\/wp\/v2\/tags?post=72516"}],"curies":[{"name":"wp","href":"https:\/\/api.w.org\/{rel}","templated":true}]}}