{"id":71861,"date":"2024-07-05T10:55:12","date_gmt":"2024-07-05T08:55:12","guid":{"rendered":"https:\/\/radiokfor.com\/1\/?p=71861"},"modified":"2024-07-05T10:55:12","modified_gmt":"2024-07-05T08:55:12","slug":"sonte-zhvillohet-cerekfinalja-e-euro-2024-me-dy-ndeshje-te-rendesishme","status":"publish","type":"post","link":"https:\/\/radiokfor.com\/1\/sonte-zhvillohet-cerekfinalja-e-euro-2024-me-dy-ndeshje-te-rendesishme\/","title":{"rendered":"Sonte zhvillohet \u00e7erekfinalja e Euro 2024 me dy ndeshje t\u00eb r\u00ebnd\u00ebsishme"},"content":{"rendered":"<p>Kan\u00eb kaluar tri jav\u00eb q\u00eb nga fillimi i Kampionatit Evropian \u201cGjermani 2024\u2019\u2019, p\u00ebr t\u00eb vazhduar tutje me nj\u00eb mbr\u00ebmje spektakolare q\u00eb pritet t\u00eb zhvillohet sonte, n\u00eb mes t\u00eb dueleve \u00e7erekfinale, nga dy klasik\u00ebt absolut t\u00eb futbollit evropian.<\/p>\n<p>Bazuar n\u00eb komentet e njoh\u00ebsve t\u00eb futbollit, Spanja dhe Gjermania dhan\u00eb m\u00eb s\u00eb shumti gjat\u00eb k\u00ebtij Evropiani dhe ishin ata q\u00eb u pan\u00eb n\u00eb finale, por kjo nuk u b\u00eb e mundur p\u00ebr shkak t\u00eb shortit, pasi \u2018topat\u2019 parashikonin q\u00eb k\u00ebto dy p\u00ebrzgjedhje t\u00eb takoheshin n\u00eb \u00e7erekfinale.<\/p>\n<p>Spanja i mposhti me leht\u00ebsi t\u00eb gjith\u00eb rival\u00ebt e saj n\u00eb k\u00ebt\u00eb kampionat evropian, nd\u00ebrsa Gjermania i mundi t\u00eb gjith\u00eb p\u00ebrve\u00e7 zviceran\u00ebve. Ndeshja mes Spanj\u00ebs dhe Gjermanis\u00eb do t\u00eb luhet n\u00eb MHP Arena n\u00eb Shtutgart me fillim nga ora 18:00, nd\u00ebrsa dueli mes Portugalis\u00eb dhe Franc\u00ebs fillon n\u00eb or\u00ebn 21:00, n\u00eb stadiumin Volkspark t\u00eb Hamburgut.<\/p>\n","protected":false},"excerpt":{"rendered":"<p>Kan\u00eb kaluar tri jav\u00eb q\u00eb nga fillimi i Kampionatit Evropian \u201cGjermani 2024\u2019\u2019, p\u00ebr t\u00eb vazhduar tutje me nj\u00eb mbr\u00ebmje spektakolare q\u00eb pritet t\u00eb zhvillohet sonte, n\u00eb mes t\u00eb dueleve \u00e7erekfinale, nga dy klasik\u00ebt absolut t\u00eb futbollit evropian. Bazuar n\u00eb komentet e njoh\u00ebsve t\u00eb futbollit, Spanja dhe Gjermania dhan\u00eb m\u00eb s\u00eb shumti gjat\u00eb k\u00ebtij Evropiani dhe&hellip;<\/p>\n","protected":false},"author":7,"featured_media":71863,"comment_status":"closed","ping_status":"closed","sticky":false,"template":"","format":"standard","meta":{"_monsterinsights_skip_tracking":false,"_monsterinsights_sitenote_active":false,"_monsterinsights_sitenote_note":"","_monsterinsights_sitenote_category":0,"footnotes":""},"categories":[2],"tags":[],"class_list":["post-71861","post","type-post","status-publish","format-standard","has-post-thumbnail","hentry","category-news","category-2","description-off"],"_links":{"self":[{"href":"https:\/\/radiokfor.com\/1\/wp-json\/wp\/v2\/posts\/71861","targetHints":{"allow":["GET"]}}],"collection":[{"href":"https:\/\/radiokfor.com\/1\/wp-json\/wp\/v2\/posts"}],"about":[{"href":"https:\/\/radiokfor.com\/1\/wp-json\/wp\/v2\/types\/post"}],"author":[{"embeddable":true,"href":"https:\/\/radiokfor.com\/1\/wp-json\/wp\/v2\/users\/7"}],"replies":[{"embeddable":true,"href":"https:\/\/radiokfor.com\/1\/wp-json\/wp\/v2\/comments?post=71861"}],"version-history":[{"count":1,"href":"https:\/\/radiokfor.com\/1\/wp-json\/wp\/v2\/posts\/71861\/revisions"}],"predecessor-version":[{"id":71864,"href":"https:\/\/radiokfor.com\/1\/wp-json\/wp\/v2\/posts\/71861\/revisions\/71864"}],"wp:featuredmedia":[{"embeddable":true,"href":"https:\/\/radiokfor.com\/1\/wp-json\/wp\/v2\/media\/71863"}],"wp:attachment":[{"href":"https:\/\/radiokfor.com\/1\/wp-json\/wp\/v2\/media?parent=71861"}],"wp:term":[{"taxonomy":"category","embeddable":true,"href":"https:\/\/radiokfor.com\/1\/wp-json\/wp\/v2\/categories?post=71861"},{"taxonomy":"post_tag","embeddable":true,"href":"https:\/\/radiokfor.com\/1\/wp-json\/wp\/v2\/tags?post=71861"}],"curies":[{"name":"wp","href":"https:\/\/api.w.org\/{rel}","templated":true}]}}