{"id":71566,"date":"2024-06-13T13:54:13","date_gmt":"2024-06-13T11:54:13","guid":{"rendered":"https:\/\/radiokfor.com\/1\/?p=71566"},"modified":"2024-06-13T13:54:13","modified_gmt":"2024-06-13T11:54:13","slug":"nje-dekade-e-perparimit-kolektiv-per-te-drejtat-e-personave-me-albinizem","status":"publish","type":"post","link":"https:\/\/radiokfor.com\/1\/nje-dekade-e-perparimit-kolektiv-per-te-drejtat-e-personave-me-albinizem\/","title":{"rendered":"Nj\u00eb dekad\u00eb e p\u00ebrparimit kolektiv p\u00ebr t\u00eb drejtat e personave me albiniz\u00ebm"},"content":{"rendered":"<p>Viti 2024, po sh\u00ebnon nj\u00eb dekad\u00eb q\u00eb nga themelimi i \u2018Dit\u00ebs Nd\u00ebrkomb\u00ebtare t\u00eb Nd\u00ebrgjegj\u00ebsimit t\u00eb Albinizmit\u2019. P\u00ebr t\u00eb sh\u00ebnuar k\u00ebt\u00eb dit\u00eb, kryesisht caktohet nj\u00eb tem\u00eb, e tema e k\u00ebtij viti \u00ebsht\u00eb &#8220;10 vjetori i \u00a0Dit\u00ebs Nd\u00ebrkomb\u00ebtare t\u00eb Nd\u00ebrgjegj\u00ebsimit t\u00eb Albinizmit: Nj\u00eb dekad\u00eb e p\u00ebrparimit kolektiv&#8221;. Kjo tem\u00eb na fton t\u00eb festojm\u00eb p\u00ebr hapat e b\u00ebr\u00eb deri m\u00eb sot, angazhimin p\u00ebr t\u00eb ardhmen, t\u00eb theksojm\u00eb p\u00ebrpjekjet e palodhshme t\u00eb grupeve t\u00eb albinizmit nga e gjith\u00eb bota, t\u00eb reflektojm\u00eb mbi ndryshimet e vazhdueshme ligjore, politike dhe praktike q\u00eb k\u00ebrkohen ende p\u00ebr t\u00eb garantuar g\u00ebzimin e plot\u00eb dhe t\u00eb barabart\u00eb t\u00eb t\u00eb drejtave nga personat me albiniz\u00ebm.<\/p>\n<p>\u00c7do vit m\u00eb 13 qershor \u2018Dita Nd\u00ebrkomb\u00ebtare e Nd\u00ebrgjegj\u00ebsimit p\u00ebr Albinizmin\u2019, festohet p\u00ebr t\u00eb nderuar t\u00eb drejtat e njeriut t\u00eb njer\u00ebzve me albiniz\u00ebm, n\u00eb mbar\u00eb bot\u00ebn. Albinizmi \u00ebsht\u00eb nj\u00eb \u00e7rregullim i trash\u00ebguar i pigmentimit, i shkaktuar nga mungesa e pigmentit t\u00eb melanin\u00ebs n\u00eb l\u00ebkur\u00eb dhe mukoza, prania e t\u00eb cilit p\u00ebrcakton ngjyr\u00ebn e l\u00ebkur\u00ebs, flok\u00ebve dhe syve. Kjo \u00ebsht\u00eb arsyeja pse njer\u00ebzit me albiniz\u00ebm kan\u00eb l\u00ebkur\u00eb dhe flok\u00eb jasht\u00ebzakonisht t\u00eb bardh\u00eb. P\u00ebr t\u00eb rritur nd\u00ebrgjegj\u00ebsimin p\u00ebr albinizmin dhe v\u00ebshtir\u00ebsit\u00eb me t\u00eb cilat p\u00ebrballen njer\u00ebzit me albiniz\u00ebm, ve\u00e7an\u00ebrisht n\u00eb Afrik\u00eb, Asambleja e P\u00ebrgjithshme e Kombeve t\u00eb Bashkuara miratoi nj\u00eb rezolut\u00eb m\u00eb 18 dhjetor, 2014 dhe shpalli 13 qershorin, \u2018Dit\u00eb Nd\u00ebrkomb\u00ebtare t\u00eb Nd\u00ebrgjegj\u00ebsimit p\u00ebr Albinizmin\u2019.<\/p>\n","protected":false},"excerpt":{"rendered":"<p>Viti 2024, po sh\u00ebnon nj\u00eb dekad\u00eb q\u00eb nga themelimi i \u2018Dit\u00ebs Nd\u00ebrkomb\u00ebtare t\u00eb Nd\u00ebrgjegj\u00ebsimit t\u00eb Albinizmit\u2019. P\u00ebr t\u00eb sh\u00ebnuar k\u00ebt\u00eb dit\u00eb, kryesisht caktohet nj\u00eb tem\u00eb, e tema e k\u00ebtij viti \u00ebsht\u00eb &#8220;10 vjetori i \u00a0Dit\u00ebs Nd\u00ebrkomb\u00ebtare t\u00eb Nd\u00ebrgjegj\u00ebsimit t\u00eb Albinizmit: Nj\u00eb dekad\u00eb e p\u00ebrparimit kolektiv&#8221;. Kjo tem\u00eb na fton t\u00eb festojm\u00eb p\u00ebr hapat e b\u00ebr\u00eb&hellip;<\/p>\n","protected":false},"author":3,"featured_media":71567,"comment_status":"closed","ping_status":"closed","sticky":false,"template":"","format":"standard","meta":{"_monsterinsights_skip_tracking":false,"_monsterinsights_sitenote_active":false,"_monsterinsights_sitenote_note":"","_monsterinsights_sitenote_category":0,"footnotes":""},"categories":[2],"tags":[],"class_list":["post-71566","post","type-post","status-publish","format-standard","has-post-thumbnail","hentry","category-news","category-2","description-off"],"_links":{"self":[{"href":"https:\/\/radiokfor.com\/1\/wp-json\/wp\/v2\/posts\/71566","targetHints":{"allow":["GET"]}}],"collection":[{"href":"https:\/\/radiokfor.com\/1\/wp-json\/wp\/v2\/posts"}],"about":[{"href":"https:\/\/radiokfor.com\/1\/wp-json\/wp\/v2\/types\/post"}],"author":[{"embeddable":true,"href":"https:\/\/radiokfor.com\/1\/wp-json\/wp\/v2\/users\/3"}],"replies":[{"embeddable":true,"href":"https:\/\/radiokfor.com\/1\/wp-json\/wp\/v2\/comments?post=71566"}],"version-history":[{"count":1,"href":"https:\/\/radiokfor.com\/1\/wp-json\/wp\/v2\/posts\/71566\/revisions"}],"predecessor-version":[{"id":71568,"href":"https:\/\/radiokfor.com\/1\/wp-json\/wp\/v2\/posts\/71566\/revisions\/71568"}],"wp:featuredmedia":[{"embeddable":true,"href":"https:\/\/radiokfor.com\/1\/wp-json\/wp\/v2\/media\/71567"}],"wp:attachment":[{"href":"https:\/\/radiokfor.com\/1\/wp-json\/wp\/v2\/media?parent=71566"}],"wp:term":[{"taxonomy":"category","embeddable":true,"href":"https:\/\/radiokfor.com\/1\/wp-json\/wp\/v2\/categories?post=71566"},{"taxonomy":"post_tag","embeddable":true,"href":"https:\/\/radiokfor.com\/1\/wp-json\/wp\/v2\/tags?post=71566"}],"curies":[{"name":"wp","href":"https:\/\/api.w.org\/{rel}","templated":true}]}}