{"id":70819,"date":"2024-04-05T06:03:57","date_gmt":"2024-04-05T04:03:57","guid":{"rendered":"https:\/\/radiokfor.com\/1\/?p=70819"},"modified":"2024-04-03T11:09:52","modified_gmt":"2024-04-03T09:09:52","slug":"promovimi-i-kultures-e-paqes-me-dashuri-dhe-ndergjegje","status":"publish","type":"post","link":"https:\/\/radiokfor.com\/1\/promovimi-i-kultures-e-paqes-me-dashuri-dhe-ndergjegje\/","title":{"rendered":"Promovimi i kultur\u00ebs e paqes me dashuri dhe nd\u00ebrgjegje"},"content":{"rendered":"<p>Nd\u00ebrgjegjja i ndalon njer\u00ebzit t\u00eb kryejn\u00eb veprime t\u00eb d\u00ebmshme ndaj \u00e7do kujt, prandaj Organizata e Kombeve t\u00eb Bashkuara, m\u00eb 19 korrik t\u00eb vitit 2019, vendosi q\u00eb data e sotme, 5 prilli, t\u00eb sh\u00ebnoj \u201cDit\u00ebn Nd\u00ebrkomb\u00ebtare t\u00eb Nd\u00ebrgjegjes\u201d. P\u00ebr m\u00eb tep\u00ebr, neni 1 i k\u00ebsaj deklarate thot\u00eb se <em>&#8220;t\u00eb gjitha qeniet njer\u00ebzore lindin t\u00eb lir\u00eb dhe t\u00eb barabart\u00eb n\u00eb dinjitet dhe t\u00eb drejta dhe jan\u00eb t\u00eb pajisur me arsye dhe nd\u00ebrgjegje dhe duhet t\u00eb veprojn\u00eb ndaj nj\u00ebri-tjetrit n\u00eb frym\u00eb v\u00ebllaz\u00ebrimi&#8221;.<\/em><\/p>\n<p>Detyra e Kombeve t\u00eb Bashkuara p\u00ebr t\u00eb shp\u00ebtuar brezat e ardhsh\u00ebm nga plaga e luft\u00ebrave, k\u00ebrkon transformim drejt nj\u00eb kulture paqeje, e cila p\u00ebrb\u00ebhet nga vlera, q\u00ebndrime dhe sjellje q\u00eb reflektojn\u00eb dhe frym\u00ebzojn\u00eb nd\u00ebrveprimin e ndarjen shoq\u00ebrore bazuar n\u00eb parimet e liris\u00eb, drejt\u00ebsis\u00eb dhe demokracis\u00eb.<\/p>\n<p>Koncepti i &#8220;nd\u00ebrgjegjes&#8221;, si\u00e7 p\u00ebrdoret zakonisht n\u00eb kuptimin e tij moral, \u00ebsht\u00eb aft\u00ebsia e natyrshme e \u00e7do qenie njer\u00ebzore t\u00eb sh\u00ebndosh\u00eb p\u00ebr t\u00eb perceptuar at\u00eb q\u00eb \u00ebsht\u00eb e drejt\u00eb dhe \u00e7far\u00eb \u00ebsht\u00eb e gabuar dhe n\u00eb fuqin\u00eb e k\u00ebtij perceptimi, p\u00ebr t\u00eb kontrolluar, monitoruar, vler\u00ebsuar dhe ekzekutuar veprimet e tyre.<\/p>\n","protected":false},"excerpt":{"rendered":"<p>Nd\u00ebrgjegjja i ndalon njer\u00ebzit t\u00eb kryejn\u00eb veprime t\u00eb d\u00ebmshme ndaj \u00e7do kujt, prandaj Organizata e Kombeve t\u00eb Bashkuara, m\u00eb 19 korrik t\u00eb vitit 2019, vendosi q\u00eb data e sotme, 5 prilli, t\u00eb sh\u00ebnoj \u201cDit\u00ebn Nd\u00ebrkomb\u00ebtare t\u00eb Nd\u00ebrgjegjes\u201d. P\u00ebr m\u00eb tep\u00ebr, neni 1 i k\u00ebsaj deklarate thot\u00eb se &#8220;t\u00eb gjitha qeniet njer\u00ebzore lindin t\u00eb lir\u00eb dhe&hellip;<\/p>\n","protected":false},"author":3,"featured_media":70820,"comment_status":"closed","ping_status":"closed","sticky":false,"template":"","format":"standard","meta":{"_monsterinsights_skip_tracking":false,"_monsterinsights_sitenote_active":false,"_monsterinsights_sitenote_note":"","_monsterinsights_sitenote_category":0,"footnotes":""},"categories":[2],"tags":[],"class_list":["post-70819","post","type-post","status-publish","format-standard","has-post-thumbnail","hentry","category-news","category-2","description-off"],"_links":{"self":[{"href":"https:\/\/radiokfor.com\/1\/wp-json\/wp\/v2\/posts\/70819","targetHints":{"allow":["GET"]}}],"collection":[{"href":"https:\/\/radiokfor.com\/1\/wp-json\/wp\/v2\/posts"}],"about":[{"href":"https:\/\/radiokfor.com\/1\/wp-json\/wp\/v2\/types\/post"}],"author":[{"embeddable":true,"href":"https:\/\/radiokfor.com\/1\/wp-json\/wp\/v2\/users\/3"}],"replies":[{"embeddable":true,"href":"https:\/\/radiokfor.com\/1\/wp-json\/wp\/v2\/comments?post=70819"}],"version-history":[{"count":1,"href":"https:\/\/radiokfor.com\/1\/wp-json\/wp\/v2\/posts\/70819\/revisions"}],"predecessor-version":[{"id":70821,"href":"https:\/\/radiokfor.com\/1\/wp-json\/wp\/v2\/posts\/70819\/revisions\/70821"}],"wp:featuredmedia":[{"embeddable":true,"href":"https:\/\/radiokfor.com\/1\/wp-json\/wp\/v2\/media\/70820"}],"wp:attachment":[{"href":"https:\/\/radiokfor.com\/1\/wp-json\/wp\/v2\/media?parent=70819"}],"wp:term":[{"taxonomy":"category","embeddable":true,"href":"https:\/\/radiokfor.com\/1\/wp-json\/wp\/v2\/categories?post=70819"},{"taxonomy":"post_tag","embeddable":true,"href":"https:\/\/radiokfor.com\/1\/wp-json\/wp\/v2\/tags?post=70819"}],"curies":[{"name":"wp","href":"https:\/\/api.w.org\/{rel}","templated":true}]}}