{"id":70791,"date":"2024-04-07T06:04:12","date_gmt":"2024-04-07T04:04:12","guid":{"rendered":"https:\/\/radiokfor.com\/1\/?p=70791"},"modified":"2024-04-02T11:07:18","modified_gmt":"2024-04-02T09:07:18","slug":"te-rejat-javore-nga-fusha-e-teknologjise-6","status":"publish","type":"post","link":"https:\/\/radiokfor.com\/1\/te-rejat-javore-nga-fusha-e-teknologjise-6\/","title":{"rendered":"T\u00eb rejat javore nga fusha e teknologjis\u00eb\u2026"},"content":{"rendered":"<p>P\u00ebrmbledhjen javore e fillojm\u00eb me kompanin\u00eb Meta, e cila ka rritur p\u00ebrpjekjet e saja p\u00ebr integrimin e Inteligjenc\u00ebs Artificiale, e n\u00eb nj\u00eb raport t\u00eb fundit t\u00eb publikuar nga New York Times, pretendohet se gjiganti teknologjik do t\u00eb integroj\u00eb AI n\u00eb syzet inteligjente Ray-Ban. Syzet p\u00ebrfshijn\u00eb mikrofon dhe kamer\u00eb, por gjithashtu mund t\u00eb shkrepin edhe fotografi, video dhe t\u00eb luajn\u00eb muzik\u00eb, e p\u00ebr m\u00eb tep\u00ebr, ato do t\u00eb jen\u00eb t\u00eb afta edhe t\u00eb p\u00ebrkthejn\u00eb. P\u00ebr momentin ky funksion ndodhet n\u00eb faz\u00eb testuese, por thuhet se do shp\u00ebrndahet muajin e ardhsh\u00ebm.<\/p>\n<p>T\u00eb reja k\u00ebt\u00eb jav\u00eb kemi edhe nga aplikacioni TikTok. Komisioni Federal i Tregtis\u00eb i Shteteve t\u00eb Bashkuara t\u00eb Amerik\u00ebs (FED), po heton aplikacionin p\u00ebr shkeljen e dyshuar t\u00eb privat\u00ebsis\u00eb dhe siguris\u00eb s\u00eb t\u00eb dh\u00ebnave t\u00eb p\u00ebrdoruesve. Kujtojm\u00eb q\u00eb Dhoma e P\u00ebrfaq\u00ebsuesve e SHBA-s\u00eb ka votuar p\u00ebr t\u00eb miratuar nj\u00eb projektligj q\u00eb i jepte kompanis\u00eb kineze \u201cByteDance\u201d, pronarit t\u00eb TikTokut, rreth gjasht\u00eb muaj koh\u00eb p\u00ebr t&#8217;i shitur asetet e aplikacionit n\u00eb SHBA tek nj\u00eb pronar tjet\u00ebr. Ndryshe aplikacioni k\u00ebrc\u00ebnohet me ndalim n\u00eb SHBA.<\/p>\n","protected":false},"excerpt":{"rendered":"<p>P\u00ebrmbledhjen javore e fillojm\u00eb me kompanin\u00eb Meta, e cila ka rritur p\u00ebrpjekjet e saja p\u00ebr integrimin e Inteligjenc\u00ebs Artificiale, e n\u00eb nj\u00eb raport t\u00eb fundit t\u00eb publikuar nga New York Times, pretendohet se gjiganti teknologjik do t\u00eb integroj\u00eb AI n\u00eb syzet inteligjente Ray-Ban. Syzet p\u00ebrfshijn\u00eb mikrofon dhe kamer\u00eb, por gjithashtu mund t\u00eb shkrepin edhe fotografi,&hellip;<\/p>\n","protected":false},"author":3,"featured_media":70792,"comment_status":"closed","ping_status":"closed","sticky":false,"template":"","format":"standard","meta":{"_monsterinsights_skip_tracking":false,"_monsterinsights_sitenote_active":false,"_monsterinsights_sitenote_note":"","_monsterinsights_sitenote_category":0,"footnotes":""},"categories":[2],"tags":[],"class_list":["post-70791","post","type-post","status-publish","format-standard","has-post-thumbnail","hentry","category-news","category-2","description-off"],"_links":{"self":[{"href":"https:\/\/radiokfor.com\/1\/wp-json\/wp\/v2\/posts\/70791","targetHints":{"allow":["GET"]}}],"collection":[{"href":"https:\/\/radiokfor.com\/1\/wp-json\/wp\/v2\/posts"}],"about":[{"href":"https:\/\/radiokfor.com\/1\/wp-json\/wp\/v2\/types\/post"}],"author":[{"embeddable":true,"href":"https:\/\/radiokfor.com\/1\/wp-json\/wp\/v2\/users\/3"}],"replies":[{"embeddable":true,"href":"https:\/\/radiokfor.com\/1\/wp-json\/wp\/v2\/comments?post=70791"}],"version-history":[{"count":1,"href":"https:\/\/radiokfor.com\/1\/wp-json\/wp\/v2\/posts\/70791\/revisions"}],"predecessor-version":[{"id":70793,"href":"https:\/\/radiokfor.com\/1\/wp-json\/wp\/v2\/posts\/70791\/revisions\/70793"}],"wp:featuredmedia":[{"embeddable":true,"href":"https:\/\/radiokfor.com\/1\/wp-json\/wp\/v2\/media\/70792"}],"wp:attachment":[{"href":"https:\/\/radiokfor.com\/1\/wp-json\/wp\/v2\/media?parent=70791"}],"wp:term":[{"taxonomy":"category","embeddable":true,"href":"https:\/\/radiokfor.com\/1\/wp-json\/wp\/v2\/categories?post=70791"},{"taxonomy":"post_tag","embeddable":true,"href":"https:\/\/radiokfor.com\/1\/wp-json\/wp\/v2\/tags?post=70791"}],"curies":[{"name":"wp","href":"https:\/\/api.w.org\/{rel}","templated":true}]}}