{"id":70788,"date":"2024-04-03T06:04:45","date_gmt":"2024-04-03T04:04:45","guid":{"rendered":"https:\/\/radiokfor.com\/1\/?p=70788"},"modified":"2024-04-02T10:57:41","modified_gmt":"2024-04-02T08:57:41","slug":"ciceroni-kulturor-23","status":"publish","type":"post","link":"https:\/\/radiokfor.com\/1\/ciceroni-kulturor-23\/","title":{"rendered":"Ciceroni kulturor"},"content":{"rendered":"<p>Java e par\u00eb e muajit prill \u00ebsht\u00eb hapur me ngjarje t\u00eb shumta kulturore, ku t\u00eb gjith\u00eb ne mund t\u00eb jemi t\u00eb pranish\u00ebm p\u00ebr ti ndjekur. E cilat jan\u00eb ato, Radio KFOR-i ka p\u00ebrgatitur p\u00ebr ju disa nga datat e aktiviteteve kulturore:<\/p>\n<p>&#8211; Me datat 4 dhe 5 prill, Teatri Komb\u00ebtar i Kosov\u00ebs sjell\u00eb shfaqjen \u201cFausti\u201d, me regji t\u00eb Fadil Hysaj. N\u00eb t\u00eb dy datat e lartcekura, shfaqja do t\u00eb vij\u00eb n\u00eb Amfiteatrin e Teatrit Komb\u00ebtar t\u00eb Kosov\u00ebs, me fillim prej or\u00ebs 20:00.<\/p>\n<p>&#8211; Institucioni m\u00eb i lart\u00eb i muzik\u00ebs n\u00eb vend, Filharmonia e Kosov\u00ebs, muajin prill e nis me koncert n\u00eb qytetin e Gjakov\u00ebs, n\u00ebn dirigjimin e P\u00ebllumb Vul\u00ebs, p\u00ebrderisa soliste e mbr\u00ebmjes \u00ebsht\u00eb\u00a0 Zan\u00eb Abazi- flaut. Koncerti do t\u00eb mbahet me 6 prill, n\u00eb Pallatin e Kultur\u00ebs \u201cAsim Vokshi\u201d, prej or\u00ebs 20:00.<\/p>\n<p>&#8211; P\u00ebr t\u00eb gjith\u00eb ata q\u00eb e duan muzik\u00ebn latine, sidmos vall\u00ebzimin sensual Tango, q\u00eb vjen nga Amerika Jugore, nga data 30 maj e deri m\u00eb 2 qershor, Teatri \u201cHadi Shehu\u201d n\u00eb Gjakov\u00eb, do t\u00eb jet\u00eb i mbushur me DJ t\u00eb ndrysh\u00ebm nga Evropa e Kosova si dhe me instruktor\u00eb p\u00ebr t\u00eb gjith\u00eb ata q\u00eb duan ta m\u00ebsojn\u00eb vall\u00ebzimin tango. Regjistrimet e 2nd Kosova Tango Marathoncito, do t\u00eb jen\u00eb t\u00eb hapura deri m\u00eb 17 maj 2024.<\/p>\n","protected":false},"excerpt":{"rendered":"<p>Java e par\u00eb e muajit prill \u00ebsht\u00eb hapur me ngjarje t\u00eb shumta kulturore, ku t\u00eb gjith\u00eb ne mund t\u00eb jemi t\u00eb pranish\u00ebm p\u00ebr ti ndjekur. E cilat jan\u00eb ato, Radio KFOR-i ka p\u00ebrgatitur p\u00ebr ju disa nga datat e aktiviteteve kulturore: &#8211; Me datat 4 dhe 5 prill, Teatri Komb\u00ebtar i Kosov\u00ebs sjell\u00eb shfaqjen \u201cFausti\u201d,&hellip;<\/p>\n","protected":false},"author":3,"featured_media":70789,"comment_status":"closed","ping_status":"closed","sticky":false,"template":"","format":"standard","meta":{"_monsterinsights_skip_tracking":false,"_monsterinsights_sitenote_active":false,"_monsterinsights_sitenote_note":"","_monsterinsights_sitenote_category":0,"footnotes":""},"categories":[2],"tags":[],"class_list":["post-70788","post","type-post","status-publish","format-standard","has-post-thumbnail","hentry","category-news","category-2","description-off"],"_links":{"self":[{"href":"https:\/\/radiokfor.com\/1\/wp-json\/wp\/v2\/posts\/70788","targetHints":{"allow":["GET"]}}],"collection":[{"href":"https:\/\/radiokfor.com\/1\/wp-json\/wp\/v2\/posts"}],"about":[{"href":"https:\/\/radiokfor.com\/1\/wp-json\/wp\/v2\/types\/post"}],"author":[{"embeddable":true,"href":"https:\/\/radiokfor.com\/1\/wp-json\/wp\/v2\/users\/3"}],"replies":[{"embeddable":true,"href":"https:\/\/radiokfor.com\/1\/wp-json\/wp\/v2\/comments?post=70788"}],"version-history":[{"count":1,"href":"https:\/\/radiokfor.com\/1\/wp-json\/wp\/v2\/posts\/70788\/revisions"}],"predecessor-version":[{"id":70790,"href":"https:\/\/radiokfor.com\/1\/wp-json\/wp\/v2\/posts\/70788\/revisions\/70790"}],"wp:featuredmedia":[{"embeddable":true,"href":"https:\/\/radiokfor.com\/1\/wp-json\/wp\/v2\/media\/70789"}],"wp:attachment":[{"href":"https:\/\/radiokfor.com\/1\/wp-json\/wp\/v2\/media?parent=70788"}],"wp:term":[{"taxonomy":"category","embeddable":true,"href":"https:\/\/radiokfor.com\/1\/wp-json\/wp\/v2\/categories?post=70788"},{"taxonomy":"post_tag","embeddable":true,"href":"https:\/\/radiokfor.com\/1\/wp-json\/wp\/v2\/tags?post=70788"}],"curies":[{"name":"wp","href":"https:\/\/api.w.org\/{rel}","templated":true}]}}