{"id":70750,"date":"2024-04-04T06:03:28","date_gmt":"2024-04-04T04:03:28","guid":{"rendered":"https:\/\/radiokfor.com\/1\/?p=70750"},"modified":"2024-03-27T15:52:27","modified_gmt":"2024-03-27T14:52:27","slug":"shenohet-sot-dita-nderkombetare-e-ndergjegjesimit-ndaj-minave-3","status":"publish","type":"post","link":"https:\/\/radiokfor.com\/1\/shenohet-sot-dita-nderkombetare-e-ndergjegjesimit-ndaj-minave-3\/","title":{"rendered":"Sh\u00ebnohet sot \u201cDita Nd\u00ebrkomb\u00ebtare e Nd\u00ebrgjegj\u00ebsimit ndaj Minave\u201d"},"content":{"rendered":"<p>Q\u00eb nga viti 1997, m\u00eb 4 prill, sh\u00ebnohet \u201cDita Nd\u00ebrkomb\u00ebtare e Nd\u00ebrgjegj\u00ebsimit ndaj Minave\u201d kur Kombet e Bashkuara themeluan \u201cSh\u00ebrbimin p\u00ebr Veprim ndaj Minave\u201d (UNMAS), me q\u00ebllim t\u00eb nd\u00ebrgjegj\u00ebsimit dhe edukimit t\u00eb publikut p\u00ebr rreziqet q\u00eb vijn\u00eb nga minat.<\/p>\n<p>N\u00eb k\u00ebt\u00eb \u201cDit\u00eb Nd\u00ebrkomb\u00ebtare t\u00eb Nd\u00ebrgjegj\u00ebsimit ndaj Minave\u2019, konfirmohet angazhimi\u00a0 p\u00ebr \u00e7rr\u00ebnjosjen e d\u00ebmit t\u00eb tmerrsh\u00ebm t\u00eb shkaktuar nga minat si dhe p\u00ebr t\u00eb qen\u00eb af\u00ebr atyre q\u00eb jan\u00eb t\u00eb prekur nga shp\u00ebrthimi i tyre.<\/p>\n<p>\u201cSh\u00ebrbimi p\u00ebr Veprim ndaj Minave\u201d punon n\u00eb mbrojtjen e jet\u00ebve dhe nd\u00ebrtimin e paqes, mbron njer\u00ebzit nga k\u00ebrc\u00ebnimi i mjeteve shp\u00ebrthyese, mund\u00ebson qasje humanitare, rikuperim t\u00eb hersh\u00ebm dhe p\u00ebrdorim produktiv t\u00eb tok\u00ebs s\u00eb ndotur m\u00eb par\u00eb, leht\u00ebson p\u00ebrfshirjen e personave me aft\u00ebsi t\u00eb kufizuara, duke p\u00ebrfshir\u00eb edhe personat e l\u00ebnduar nga mjetet shp\u00ebrthyese.<\/p>\n","protected":false},"excerpt":{"rendered":"<p>Q\u00eb nga viti 1997, m\u00eb 4 prill, sh\u00ebnohet \u201cDita Nd\u00ebrkomb\u00ebtare e Nd\u00ebrgjegj\u00ebsimit ndaj Minave\u201d kur Kombet e Bashkuara themeluan \u201cSh\u00ebrbimin p\u00ebr Veprim ndaj Minave\u201d (UNMAS), me q\u00ebllim t\u00eb nd\u00ebrgjegj\u00ebsimit dhe edukimit t\u00eb publikut p\u00ebr rreziqet q\u00eb vijn\u00eb nga minat. N\u00eb k\u00ebt\u00eb \u201cDit\u00eb Nd\u00ebrkomb\u00ebtare t\u00eb Nd\u00ebrgjegj\u00ebsimit ndaj Minave\u2019, konfirmohet angazhimi\u00a0 p\u00ebr \u00e7rr\u00ebnjosjen e d\u00ebmit t\u00eb tmerrsh\u00ebm&hellip;<\/p>\n","protected":false},"author":3,"featured_media":70751,"comment_status":"closed","ping_status":"closed","sticky":false,"template":"","format":"standard","meta":{"_monsterinsights_skip_tracking":false,"_monsterinsights_sitenote_active":false,"_monsterinsights_sitenote_note":"","_monsterinsights_sitenote_category":0,"footnotes":""},"categories":[2],"tags":[],"class_list":["post-70750","post","type-post","status-publish","format-standard","has-post-thumbnail","hentry","category-news","category-2","description-off"],"_links":{"self":[{"href":"https:\/\/radiokfor.com\/1\/wp-json\/wp\/v2\/posts\/70750","targetHints":{"allow":["GET"]}}],"collection":[{"href":"https:\/\/radiokfor.com\/1\/wp-json\/wp\/v2\/posts"}],"about":[{"href":"https:\/\/radiokfor.com\/1\/wp-json\/wp\/v2\/types\/post"}],"author":[{"embeddable":true,"href":"https:\/\/radiokfor.com\/1\/wp-json\/wp\/v2\/users\/3"}],"replies":[{"embeddable":true,"href":"https:\/\/radiokfor.com\/1\/wp-json\/wp\/v2\/comments?post=70750"}],"version-history":[{"count":1,"href":"https:\/\/radiokfor.com\/1\/wp-json\/wp\/v2\/posts\/70750\/revisions"}],"predecessor-version":[{"id":70752,"href":"https:\/\/radiokfor.com\/1\/wp-json\/wp\/v2\/posts\/70750\/revisions\/70752"}],"wp:featuredmedia":[{"embeddable":true,"href":"https:\/\/radiokfor.com\/1\/wp-json\/wp\/v2\/media\/70751"}],"wp:attachment":[{"href":"https:\/\/radiokfor.com\/1\/wp-json\/wp\/v2\/media?parent=70750"}],"wp:term":[{"taxonomy":"category","embeddable":true,"href":"https:\/\/radiokfor.com\/1\/wp-json\/wp\/v2\/categories?post=70750"},{"taxonomy":"post_tag","embeddable":true,"href":"https:\/\/radiokfor.com\/1\/wp-json\/wp\/v2\/tags?post=70750"}],"curies":[{"name":"wp","href":"https:\/\/api.w.org\/{rel}","templated":true}]}}