{"id":70429,"date":"2024-02-28T06:07:48","date_gmt":"2024-02-28T05:07:48","guid":{"rendered":"https:\/\/radiokfor.com\/1\/?p=70429"},"modified":"2024-02-22T10:29:13","modified_gmt":"2024-02-22T09:29:13","slug":"fakte-interesante-rreth-muajit-shkurt","status":"publish","type":"post","link":"https:\/\/radiokfor.com\/1\/fakte-interesante-rreth-muajit-shkurt\/","title":{"rendered":"Fakte interesante rreth muajit shkurt"},"content":{"rendered":"<p>Edhe pse \u00ebsht\u00eb muaji me m\u00eb s\u00eb paku dit\u00eb n\u00eb vit, muaji shkurt ve\u00e7ohet me shum\u00eb fakte interesante e Radio KFOR-i do t\u00eb ju sjell\u00eb disa nga to:<\/p>\n<p>&#8211; Shkurti ka vet\u00ebm 28 dit\u00eb, nd\u00ebrsa nj\u00ebher\u00eb n\u00eb kat\u00ebr vjet ka 29 dit\u00eb, duke u cil\u00ebsuar si vit i brisht\u00eb. Kjo ndodh p\u00ebr t\u00eb rregulluar shtyrjen e stin\u00ebve me kalendarin Gregorian.<\/p>\n<p>&#8211; Shkurti cil\u00ebsohet si muaji i dashuris\u00eb, meq\u00eb me 14 shkurt t\u00eb \u00e7do viti, bota shpreh dashuri dhe feston lidhjet romantike.<\/p>\n<p>&#8211; N\u00eb disa kultura, muaji shkurt \u00ebsht\u00eb konsideruar si fillim i stin\u00ebs s\u00eb pranver\u00ebs. Kjo vjen nga shenjat e para t\u00eb ngrohjes dhe rritjes s\u00eb drit\u00ebs diellore.<\/p>\n<p>&#8211; Historikisht, shkurti \u00ebsht\u00eb nj\u00eb nga muajt m\u00eb t\u00eb begat\u00eb p\u00ebr shkenc\u00eb dhe kultur\u00eb. Personalitete t\u00eb r\u00ebnd\u00ebsishme, si Abraham Lincoln dhe Charles Darwin kan\u00eb lindur n\u00eb k\u00ebt\u00eb muaj.<\/p>\n<p>&#8211; Shkurti \u00ebsht\u00eb gjithashtu muaji i loj\u00ebrave Olimpike Dim\u00ebrore, ku sportist\u00eb nga e gjith\u00eb bota garojn\u00eb n\u00eb disiplina t\u00eb ndryshme dim\u00ebrore.<\/p>\n<p>&nbsp;<\/p>\n","protected":false},"excerpt":{"rendered":"<p>Edhe pse \u00ebsht\u00eb muaji me m\u00eb s\u00eb paku dit\u00eb n\u00eb vit, muaji shkurt ve\u00e7ohet me shum\u00eb fakte interesante e Radio KFOR-i do t\u00eb ju sjell\u00eb disa nga to: &#8211; Shkurti ka vet\u00ebm 28 dit\u00eb, nd\u00ebrsa nj\u00ebher\u00eb n\u00eb kat\u00ebr vjet ka 29 dit\u00eb, duke u cil\u00ebsuar si vit i brisht\u00eb. Kjo ndodh p\u00ebr t\u00eb rregulluar shtyrjen&hellip;<\/p>\n","protected":false},"author":3,"featured_media":70430,"comment_status":"closed","ping_status":"closed","sticky":false,"template":"","format":"standard","meta":{"_monsterinsights_skip_tracking":false,"_monsterinsights_sitenote_active":false,"_monsterinsights_sitenote_note":"","_monsterinsights_sitenote_category":0,"footnotes":""},"categories":[2],"tags":[],"class_list":["post-70429","post","type-post","status-publish","format-standard","has-post-thumbnail","hentry","category-news","category-2","description-off"],"_links":{"self":[{"href":"https:\/\/radiokfor.com\/1\/wp-json\/wp\/v2\/posts\/70429","targetHints":{"allow":["GET"]}}],"collection":[{"href":"https:\/\/radiokfor.com\/1\/wp-json\/wp\/v2\/posts"}],"about":[{"href":"https:\/\/radiokfor.com\/1\/wp-json\/wp\/v2\/types\/post"}],"author":[{"embeddable":true,"href":"https:\/\/radiokfor.com\/1\/wp-json\/wp\/v2\/users\/3"}],"replies":[{"embeddable":true,"href":"https:\/\/radiokfor.com\/1\/wp-json\/wp\/v2\/comments?post=70429"}],"version-history":[{"count":1,"href":"https:\/\/radiokfor.com\/1\/wp-json\/wp\/v2\/posts\/70429\/revisions"}],"predecessor-version":[{"id":70431,"href":"https:\/\/radiokfor.com\/1\/wp-json\/wp\/v2\/posts\/70429\/revisions\/70431"}],"wp:featuredmedia":[{"embeddable":true,"href":"https:\/\/radiokfor.com\/1\/wp-json\/wp\/v2\/media\/70430"}],"wp:attachment":[{"href":"https:\/\/radiokfor.com\/1\/wp-json\/wp\/v2\/media?parent=70429"}],"wp:term":[{"taxonomy":"category","embeddable":true,"href":"https:\/\/radiokfor.com\/1\/wp-json\/wp\/v2\/categories?post=70429"},{"taxonomy":"post_tag","embeddable":true,"href":"https:\/\/radiokfor.com\/1\/wp-json\/wp\/v2\/tags?post=70429"}],"curies":[{"name":"wp","href":"https:\/\/api.w.org\/{rel}","templated":true}]}}