{"id":70404,"date":"2024-02-22T06:02:31","date_gmt":"2024-02-22T05:02:31","guid":{"rendered":"https:\/\/radiokfor.com\/1\/?p=70404"},"modified":"2024-02-19T15:07:21","modified_gmt":"2024-02-19T14:07:21","slug":"dita-boterore-e-mendimit-promovon-paqe-bashkepunim-dhe-mirenjohje","status":"publish","type":"post","link":"https:\/\/radiokfor.com\/1\/dita-boterore-e-mendimit-promovon-paqe-bashkepunim-dhe-mirenjohje\/","title":{"rendered":"\u201cDita Bot\u00ebrore e Mendimit\u201d promovon paqe, bashk\u00ebpunim dhe mir\u00ebnjohje"},"content":{"rendered":"<p><em>\u201cFillo t\u00eb mendosh, fillo t\u00eb ndryshosh!\u201d (Start Thinking, Start Changing!),<\/em> kjo \u00ebsht\u00eb motoja n\u00ebn t\u00eb cil\u00ebn data e sotme 22 shkurti, sh\u00ebnon \u201cDit\u00ebn Bot\u00ebrore t\u00eb Mendimit\u201d. E sh\u00ebnuar q\u00eb nga viti 1926, \u201cDita Bot\u00ebrore e Mendimit\u201d, \u00ebsht\u00eb nj\u00eb dit\u00eb e miq\u00ebsis\u00eb nd\u00ebrkomb\u00ebtare dhe ka p\u00ebr q\u00ebllim t\u00eb promovoj\u00eb solidaritetin nd\u00ebrkomb\u00ebtar, t\u00eb rris\u00eb nd\u00ebrgjegj\u00ebsimin p\u00ebr problemet globale dhe t\u00eb festoj\u00eb diversitetin kulturor. Udh\u00ebrr\u00ebfyesit e sh\u00ebnojn\u00eb k\u00ebt\u00eb dit\u00eb, duke organizuar aktivitete q\u00eb inkurajojn\u00eb mendimin kritik, dialogun mes kulturave dhe bashk\u00ebpunimin nd\u00ebrkomb\u00ebtar.<\/p>\n<p>\u201cDita Bot\u00ebrore e Mendimit\u201d, \u00ebsht\u00eb nj\u00eb mund\u00ebsi p\u00ebr t\u00eb reflektuar p\u00ebr r\u00ebnd\u00ebsin\u00eb e udh\u00ebheqjes dhe arsimimit t\u00eb vajzave dhe grave n\u00eb shoq\u00ebri. Q\u00ebllimi i sh\u00ebnimit t\u00eb k\u00ebsaj dite \u00ebsht\u00eb edhe q\u00eb t\u00eb rrit nd\u00ebrgjegj\u00ebsimin p\u00ebr sfidat globale p\u00ebr t\u00eb ndihmuar n\u00eb nd\u00ebrtimin e nj\u00eb bot\u00eb m\u00eb t\u00eb mir\u00eb e m\u00eb t\u00eb drejt\u00eb p\u00ebr t\u00eb gjith\u00eb.<\/p>\n","protected":false},"excerpt":{"rendered":"<p>\u201cFillo t\u00eb mendosh, fillo t\u00eb ndryshosh!\u201d (Start Thinking, Start Changing!), kjo \u00ebsht\u00eb motoja n\u00ebn t\u00eb cil\u00ebn data e sotme 22 shkurti, sh\u00ebnon \u201cDit\u00ebn Bot\u00ebrore t\u00eb Mendimit\u201d. E sh\u00ebnuar q\u00eb nga viti 1926, \u201cDita Bot\u00ebrore e Mendimit\u201d, \u00ebsht\u00eb nj\u00eb dit\u00eb e miq\u00ebsis\u00eb nd\u00ebrkomb\u00ebtare dhe ka p\u00ebr q\u00ebllim t\u00eb promovoj\u00eb solidaritetin nd\u00ebrkomb\u00ebtar, t\u00eb rris\u00eb nd\u00ebrgjegj\u00ebsimin p\u00ebr problemet&hellip;<\/p>\n","protected":false},"author":3,"featured_media":70405,"comment_status":"closed","ping_status":"closed","sticky":false,"template":"","format":"standard","meta":{"_monsterinsights_skip_tracking":false,"_monsterinsights_sitenote_active":false,"_monsterinsights_sitenote_note":"","_monsterinsights_sitenote_category":0,"footnotes":""},"categories":[2],"tags":[],"class_list":["post-70404","post","type-post","status-publish","format-standard","has-post-thumbnail","hentry","category-news","category-2","description-off"],"_links":{"self":[{"href":"https:\/\/radiokfor.com\/1\/wp-json\/wp\/v2\/posts\/70404","targetHints":{"allow":["GET"]}}],"collection":[{"href":"https:\/\/radiokfor.com\/1\/wp-json\/wp\/v2\/posts"}],"about":[{"href":"https:\/\/radiokfor.com\/1\/wp-json\/wp\/v2\/types\/post"}],"author":[{"embeddable":true,"href":"https:\/\/radiokfor.com\/1\/wp-json\/wp\/v2\/users\/3"}],"replies":[{"embeddable":true,"href":"https:\/\/radiokfor.com\/1\/wp-json\/wp\/v2\/comments?post=70404"}],"version-history":[{"count":1,"href":"https:\/\/radiokfor.com\/1\/wp-json\/wp\/v2\/posts\/70404\/revisions"}],"predecessor-version":[{"id":70406,"href":"https:\/\/radiokfor.com\/1\/wp-json\/wp\/v2\/posts\/70404\/revisions\/70406"}],"wp:featuredmedia":[{"embeddable":true,"href":"https:\/\/radiokfor.com\/1\/wp-json\/wp\/v2\/media\/70405"}],"wp:attachment":[{"href":"https:\/\/radiokfor.com\/1\/wp-json\/wp\/v2\/media?parent=70404"}],"wp:term":[{"taxonomy":"category","embeddable":true,"href":"https:\/\/radiokfor.com\/1\/wp-json\/wp\/v2\/categories?post=70404"},{"taxonomy":"post_tag","embeddable":true,"href":"https:\/\/radiokfor.com\/1\/wp-json\/wp\/v2\/tags?post=70404"}],"curies":[{"name":"wp","href":"https:\/\/api.w.org\/{rel}","templated":true}]}}