{"id":70307,"date":"2024-02-02T10:18:47","date_gmt":"2024-02-02T09:18:47","guid":{"rendered":"https:\/\/radiokfor.com\/1\/?p=70307"},"modified":"2024-02-02T10:18:47","modified_gmt":"2024-02-02T09:18:47","slug":"rreziqet-qe-vijne-nga-bullizimi-te-femijet-dhe-adoleshentet","status":"publish","type":"post","link":"https:\/\/radiokfor.com\/1\/rreziqet-qe-vijne-nga-bullizimi-te-femijet-dhe-adoleshentet\/","title":{"rendered":"Rreziqet q\u00eb vijn\u00eb nga bullizimi te f\u00ebmij\u00ebt dhe adoleshent\u00ebt"},"content":{"rendered":"<p>Depresioni, humor i ul\u00ebt, ndjenja e munges\u00ebs s\u00eb shpres\u00ebs, ankthi social, vetmia, vet\u00ebvler\u00ebsim i ul\u00ebt dhe izolimi, jan\u00eb k\u00ebto disa nga problemet sh\u00ebndet\u00ebsore t\u00eb cilat shpesh lidhen me stresin, q\u00eb f\u00ebmij\u00ebt dhe adoleshent\u00ebt, mir\u00ebpo nganj\u00ebher\u00eb edhe t\u00eb rriturit e p\u00ebrjetojn\u00eb nga bullizimi apo ngacmimi n\u00eb shoq\u00ebri.<br \/>\nE premtja e fundit e muajit shkurt sh\u00ebnon \u201cDit\u00ebn Nd\u00ebrkomb\u00ebtare Kund\u00ebr Bullizmit\u201d, pik\u00ebrisht p\u00ebr t\u00eb rritur nd\u00ebrgjegj\u00ebsimin e parandalimit t\u00eb bullizmit, e cila \u00ebsht\u00eb nj\u00eb dhun\u00eb psikologjike ose fizike e ushtruar vazhdimisht nga nj\u00eb grup individ\u00ebsh kundrejt nj\u00eb individi tjet\u00ebr.<\/p>\n<p>N\u00eb fakt \u201cDita Nd\u00ebrkomb\u00ebtare Kund\u00ebr Bullizmit\u201d \u00ebsht\u00eb nj\u00eb ngjarje q\u00eb zhvillohet dy her\u00eb n\u00eb vit, n\u00eb muajin shkurt dhe n\u00eb muajin n\u00ebntor dhe p\u00ebrkon me \u201cJav\u00ebn Kund\u00ebr Bullizmit\u201d.<\/p>\n<p>Fenomeni i bullizmit \u00ebsht\u00eb nj\u00eb dukuri e vjet\u00ebr, e cila p\u00ebrb\u00ebhet nga lloje t\u00eb ndryshme t\u00eb ngacmimit, si: bullizmi fizik, verbal, emocional si dhe tani viteve t\u00eb fundit edhe ngacmimi n\u00eb rrjete sociale apo elektronik.<\/p>\n<p>Kryesisht nx\u00ebn\u00ebsit q\u00eb ngacmojn\u00eb t\u00eb tjer\u00ebt kan\u00eb vet\u00eb probleme dhe p\u00ebrgjith\u00ebsisht jan\u00eb t\u00eb pak\u00ebnaqur me jet\u00ebn e tyre. K\u00ebta nx\u00ebn\u00ebs gjithmon\u00eb duhet t\u00eb p\u00ebrballen me pasojat p\u00ebr veprimet e tyre, por gjithashtu kan\u00eb nevoj\u00eb p\u00ebr mb\u00ebshtetje p\u00ebr t\u00eb ndryshuar sjelljet e tyre dhe p\u00ebr t\u00eb gjetur m\u00ebnyra m\u00eb t\u00eb mira p\u00ebr t\u00eb marr\u00eb at\u00eb q\u00eb duan p\u00ebr t&#8217;u ndjer\u00eb mir\u00eb me veten e tyre.<\/p>\n<p>Trajtimi efektiv i bullizmit ka p\u00ebrfitime p\u00ebr t\u00eb ardhmen e t\u00eb gjith\u00ebve.<\/p>\n","protected":false},"excerpt":{"rendered":"<p>Depresioni, humor i ul\u00ebt, ndjenja e munges\u00ebs s\u00eb shpres\u00ebs, ankthi social, vetmia, vet\u00ebvler\u00ebsim i ul\u00ebt dhe izolimi, jan\u00eb k\u00ebto disa nga problemet sh\u00ebndet\u00ebsore t\u00eb cilat shpesh lidhen me stresin, q\u00eb f\u00ebmij\u00ebt dhe adoleshent\u00ebt, mir\u00ebpo nganj\u00ebher\u00eb edhe t\u00eb rriturit e p\u00ebrjetojn\u00eb nga bullizimi apo ngacmimi n\u00eb shoq\u00ebri. E premtja e fundit e muajit shkurt sh\u00ebnon \u201cDit\u00ebn&hellip;<\/p>\n","protected":false},"author":3,"featured_media":70308,"comment_status":"closed","ping_status":"closed","sticky":false,"template":"","format":"standard","meta":{"_monsterinsights_skip_tracking":false,"_monsterinsights_sitenote_active":false,"_monsterinsights_sitenote_note":"","_monsterinsights_sitenote_category":0,"footnotes":""},"categories":[2],"tags":[],"class_list":["post-70307","post","type-post","status-publish","format-standard","has-post-thumbnail","hentry","category-news","category-2","description-off"],"_links":{"self":[{"href":"https:\/\/radiokfor.com\/1\/wp-json\/wp\/v2\/posts\/70307","targetHints":{"allow":["GET"]}}],"collection":[{"href":"https:\/\/radiokfor.com\/1\/wp-json\/wp\/v2\/posts"}],"about":[{"href":"https:\/\/radiokfor.com\/1\/wp-json\/wp\/v2\/types\/post"}],"author":[{"embeddable":true,"href":"https:\/\/radiokfor.com\/1\/wp-json\/wp\/v2\/users\/3"}],"replies":[{"embeddable":true,"href":"https:\/\/radiokfor.com\/1\/wp-json\/wp\/v2\/comments?post=70307"}],"version-history":[{"count":1,"href":"https:\/\/radiokfor.com\/1\/wp-json\/wp\/v2\/posts\/70307\/revisions"}],"predecessor-version":[{"id":70309,"href":"https:\/\/radiokfor.com\/1\/wp-json\/wp\/v2\/posts\/70307\/revisions\/70309"}],"wp:featuredmedia":[{"embeddable":true,"href":"https:\/\/radiokfor.com\/1\/wp-json\/wp\/v2\/media\/70308"}],"wp:attachment":[{"href":"https:\/\/radiokfor.com\/1\/wp-json\/wp\/v2\/media?parent=70307"}],"wp:term":[{"taxonomy":"category","embeddable":true,"href":"https:\/\/radiokfor.com\/1\/wp-json\/wp\/v2\/categories?post=70307"},{"taxonomy":"post_tag","embeddable":true,"href":"https:\/\/radiokfor.com\/1\/wp-json\/wp\/v2\/tags?post=70307"}],"curies":[{"name":"wp","href":"https:\/\/api.w.org\/{rel}","templated":true}]}}