{"id":69825,"date":"2023-12-07T06:01:13","date_gmt":"2023-12-07T05:01:13","guid":{"rendered":"https:\/\/radiokfor.com\/1\/?p=69825"},"modified":"2023-12-05T10:23:03","modified_gmt":"2023-12-05T09:23:03","slug":"drejtori-i-ashnas-z-samir-bllacaku-punon-per-fluturime-te-sigurta-dhe-efikase-per-te-gjithe-pasagjeret","status":"publish","type":"post","link":"https:\/\/radiokfor.com\/1\/drejtori-i-ashnas-z-samir-bllacaku-punon-per-fluturime-te-sigurta-dhe-efikase-per-te-gjithe-pasagjeret\/","title":{"rendered":"Drejtori i ASHNA\u2019s, z. Samir Bllacaku, punon p\u00ebr fluturime t\u00eb sigurta dhe efikase p\u00ebr t\u00eb gjith\u00eb pasagjer\u00ebt"},"content":{"rendered":"<p>Kombet e Bashkuara kan\u00eb caktuar dat\u00ebn e sotme 7 dhjetor, si \u2018Dit\u00eb Nd\u00ebrkomb\u00ebtare t\u00eb Aviacionit Civil\u2019, e cila ka p\u00ebr q\u00ebllim q\u00eb t\u00eb rris nd\u00ebrgjegj\u00ebsimin p\u00ebr r\u00ebnd\u00ebsin\u00eb e aviacionit civil dhe p\u00ebr t\u00eb m\u00ebsuar p\u00ebr zhvillimin e standardeve nd\u00ebrkomb\u00ebtare, p\u00ebr sigurin\u00eb e aviacionit.<\/p>\n<p>P\u00ebr t\u00eb theksuar r\u00ebnd\u00ebsin\u00eb e k\u00ebsaj dite, Radio KFOR-i mori nj\u00eb prononcim nga Drejtori i Agjencis\u00eb s\u00eb Sh\u00ebrbimit t\u00eb Navigacionit Ajror (ASHNA), z. Samir Bllacaku: <em>\u201cD\u00ebshiroj t\u00eb theksoj angazhimin ton\u00eb t\u00eb vazhduesh\u00ebm ndaj siguris\u00eb s\u00eb fluturimeve dhe sh\u00ebrbimit t\u00eb cil\u00ebsis\u00eb s\u00eb lart\u00eb, p\u00ebr t\u00eb gjith\u00eb pasagjer\u00ebt tan\u00eb. Ne besojm\u00eb se siguria \u00ebsht\u00eb nj\u00eb prioritet themelor dhe kjo reflektohet n\u00eb \u00e7do aspekt t\u00eb operacioneve tona. Si nj\u00eb organizat\u00eb e specializuar n\u00eb aviacion, ne kemi nj\u00eb detyrim t\u00eb ve\u00e7ant\u00eb ndaj siguris\u00eb dhe mir\u00ebqenies s\u00eb udh\u00ebtar\u00ebve tan\u00eb. Nj\u00eb fal\u00ebnderim i ve\u00e7ant\u00eb shkon p\u00ebr ekuipazhin ton\u00eb t\u00eb p\u00ebrkushtuar dhe t\u00eb aft\u00eb si dhe p\u00ebr pasagjer\u00ebt tan\u00eb, t\u00eb cil\u00ebt na japin mund\u00ebsin\u00eb t\u00eb sh\u00ebrbejm\u00eb dhe t\u00eb rritemi \u00e7do dit\u00eb. Ne jemi t\u00eb p\u00ebrkushtuar p\u00ebr t\u00eb ofruar fluturime t\u00eb sigurta dhe efikase, duke siguruar nj\u00eb bashk\u00ebpunim t\u00eb ngusht\u00eb me autoritetet e aviacionit dhe duke ndjekur praktikat m\u00eb t\u00eb mira t\u00eb industris\u00eb. Un\u00eb ua uroj \u2018Dit\u00ebn Nd\u00ebrkomb\u00ebtare t\u00eb Aviacionit Civil\u2019 t\u00eb gjith\u00eb profesionist\u00ebve t\u00eb aviacionit civil, duke shpresuar se viti 2024, do t\u00eb jet\u00eb nj\u00eb vit edhe m\u00eb i mbar\u00eb p\u00ebr t\u00eb gjith\u00eb!\u201d<\/em><\/p>\n<p>Fluturimi me avion \u00ebsht\u00eb nj\u00eb nga m\u00ebnyrat m\u00eb t\u00eb shpejta dhe m\u00eb t\u00eb sigurta p\u00ebr t\u00eb udh\u00ebtuar n\u00eb vende t\u00eb ndryshme t\u00eb bot\u00ebs. P\u00ebraf\u00ebrsisht, \u00e7do dit\u00eb n\u00eb bot\u00eb fluturojn\u00eb mbi 8 milion pasagjer\u00eb n\u00eb destinacione t\u00eb ndryshme.<\/p>\n","protected":false},"excerpt":{"rendered":"<p>Kombet e Bashkuara kan\u00eb caktuar dat\u00ebn e sotme 7 dhjetor, si \u2018Dit\u00eb Nd\u00ebrkomb\u00ebtare t\u00eb Aviacionit Civil\u2019, e cila ka p\u00ebr q\u00ebllim q\u00eb t\u00eb rris nd\u00ebrgjegj\u00ebsimin p\u00ebr r\u00ebnd\u00ebsin\u00eb e aviacionit civil dhe p\u00ebr t\u00eb m\u00ebsuar p\u00ebr zhvillimin e standardeve nd\u00ebrkomb\u00ebtare, p\u00ebr sigurin\u00eb e aviacionit. P\u00ebr t\u00eb theksuar r\u00ebnd\u00ebsin\u00eb e k\u00ebsaj dite, Radio KFOR-i mori nj\u00eb prononcim&hellip;<\/p>\n","protected":false},"author":3,"featured_media":69826,"comment_status":"closed","ping_status":"closed","sticky":false,"template":"","format":"standard","meta":{"_monsterinsights_skip_tracking":false,"_monsterinsights_sitenote_active":false,"_monsterinsights_sitenote_note":"","_monsterinsights_sitenote_category":0,"footnotes":""},"categories":[2],"tags":[],"class_list":["post-69825","post","type-post","status-publish","format-standard","has-post-thumbnail","hentry","category-news","category-2","description-off"],"_links":{"self":[{"href":"https:\/\/radiokfor.com\/1\/wp-json\/wp\/v2\/posts\/69825","targetHints":{"allow":["GET"]}}],"collection":[{"href":"https:\/\/radiokfor.com\/1\/wp-json\/wp\/v2\/posts"}],"about":[{"href":"https:\/\/radiokfor.com\/1\/wp-json\/wp\/v2\/types\/post"}],"author":[{"embeddable":true,"href":"https:\/\/radiokfor.com\/1\/wp-json\/wp\/v2\/users\/3"}],"replies":[{"embeddable":true,"href":"https:\/\/radiokfor.com\/1\/wp-json\/wp\/v2\/comments?post=69825"}],"version-history":[{"count":1,"href":"https:\/\/radiokfor.com\/1\/wp-json\/wp\/v2\/posts\/69825\/revisions"}],"predecessor-version":[{"id":69827,"href":"https:\/\/radiokfor.com\/1\/wp-json\/wp\/v2\/posts\/69825\/revisions\/69827"}],"wp:featuredmedia":[{"embeddable":true,"href":"https:\/\/radiokfor.com\/1\/wp-json\/wp\/v2\/media\/69826"}],"wp:attachment":[{"href":"https:\/\/radiokfor.com\/1\/wp-json\/wp\/v2\/media?parent=69825"}],"wp:term":[{"taxonomy":"category","embeddable":true,"href":"https:\/\/radiokfor.com\/1\/wp-json\/wp\/v2\/categories?post=69825"},{"taxonomy":"post_tag","embeddable":true,"href":"https:\/\/radiokfor.com\/1\/wp-json\/wp\/v2\/tags?post=69825"}],"curies":[{"name":"wp","href":"https:\/\/api.w.org\/{rel}","templated":true}]}}