{"id":69633,"date":"2023-12-18T06:04:09","date_gmt":"2023-12-18T05:04:09","guid":{"rendered":"https:\/\/radiokfor.com\/1\/?p=69633"},"modified":"2023-11-27T15:54:56","modified_gmt":"2023-11-27T14:54:56","slug":"festat-behen-edhe-me-magjike-me-keto-ide-dekorative","status":"publish","type":"post","link":"https:\/\/radiokfor.com\/1\/festat-behen-edhe-me-magjike-me-keto-ide-dekorative\/","title":{"rendered":"Festat b\u00ebhen edhe m\u00eb magjike, me k\u00ebto ide dekorative"},"content":{"rendered":"<p>Festat e fund vitit jan\u00eb nj\u00eb koh\u00eb e shk\u00eblqyer p\u00ebr t\u00eb kthyer sht\u00ebpin\u00eb ton\u00eb, n\u00eb nj\u00eb vend t\u00eb ngroht\u00eb ku duam t\u00eb q\u00ebndrojm\u00eb p\u00ebr dit\u00eb t\u00eb t\u00ebra, t\u00eb rrethuar me magjin\u00eb q\u00eb na e sjellin dekorimet e sezonit festiv. Radio KFOR-i sot, ju jep disa ide q\u00eb t\u00eb zgjidhni dekorimet e duhura, p\u00ebr nj\u00eb atmosfer\u00eb sa m\u00eb festive. Mos harroni q\u00eb n\u00eb fund vit, p\u00ebr t\u00eb krijuar nj\u00eb atmosfer\u00eb t\u00eb ngroht\u00eb dhe festive, n\u00eb dekorimin e ambienteve, t\u00eb mbizot\u00ebrojn\u00eb ngjyrat tradicionale t\u00eb festave t\u00eb fund vitit, si ngjyra e kuqe, e bardh\u00eb, jeshile apo e arta. P\u00ebr nj\u00eb ambient sa m\u00eb festiv, rekomandohet q\u00eb t\u00eb dekoroni edhe tavanin e sht\u00ebpis\u00eb. Ndri\u00e7imet festive, nuk duhet q\u00eb t\u00eb jen\u00eb vet\u00ebm pjes\u00eb e pem\u00ebs s\u00eb Krishtlindjes, p\u00ebr nj\u00eb ambient sa m\u00eb magjeps\u00ebs, ato duhet t\u00eb vendosen edhe n\u00eb tavan. Nj\u00eb ambient i dekoruar, n\u00ebnkupton atmosfer\u00eb festive n\u00eb shum\u00eb k\u00ebnde t\u00eb sht\u00ebpis\u00eb. Q\u00eb t\u00eb ndjeni magjin\u00eb e festave t\u00eb fund vitit, mos harroni q\u00eb t\u00eb dekoroni disa k\u00ebnde n\u00eb sht\u00ebpin\u00eb tuaj, n\u00eb m\u00ebnyr\u00eb q\u00eb atmosfera festive t\u00eb mos jet\u00eb e p\u00ebrqendruar vet\u00ebm n\u00eb nj\u00eb hap\u00ebsir\u00eb. Q\u00eb t\u00eb ndiheni t\u00eb motivuar, rekomandohet q\u00eb disa nga dekorimet t\u2019i krijoni ju vet, pra t\u00eb jen\u00eb dekorime pun\u00ebdore. Mund t\u00eb jen\u00eb edhe nj\u00eb pal\u00eb \u00e7orape t\u00eb personalizuara festive, e r\u00ebnd\u00ebsishme \u00ebsht\u00eb q\u00eb t\u00eb krijoni dhe ta nxitni kreativitetin n\u00eb k\u00ebt\u00eb koh\u00eb. Mos i harroni edhe bukurit\u00eb e natyr\u00ebs, t\u00eb cilat mund t\u00eb integrohen n\u00eb ambientin festiv t\u00eb sht\u00ebpis\u00eb tuaj. P\u00ebrdorni element\u00eb natyral, si drunjt\u00eb, shkopinj apo lule t\u00eb thata, p\u00ebr t\u00eb sjell\u00eb nj\u00eb bukuri t\u00eb ve\u00e7ant\u00eb n\u00eb sht\u00ebpin\u00eb tuaj. Duke marr parasysh ngjyrat tradicionale festive, duke krijuar dekorime pun\u00ebdore dhe duke vendosur dekorime natyrore, festat e fund vitit do t\u00eb jen\u00eb edhe m\u00eb t\u00eb magjishme n\u00eb ambientin e sht\u00ebpis\u00eb tuaj.<\/p>\n","protected":false},"excerpt":{"rendered":"<p>Festat e fund vitit jan\u00eb nj\u00eb koh\u00eb e shk\u00eblqyer p\u00ebr t\u00eb kthyer sht\u00ebpin\u00eb ton\u00eb, n\u00eb nj\u00eb vend t\u00eb ngroht\u00eb ku duam t\u00eb q\u00ebndrojm\u00eb p\u00ebr dit\u00eb t\u00eb t\u00ebra, t\u00eb rrethuar me magjin\u00eb q\u00eb na e sjellin dekorimet e sezonit festiv. Radio KFOR-i sot, ju jep disa ide q\u00eb t\u00eb zgjidhni dekorimet e duhura, p\u00ebr nj\u00eb atmosfer\u00eb&hellip;<\/p>\n","protected":false},"author":3,"featured_media":69634,"comment_status":"closed","ping_status":"closed","sticky":false,"template":"","format":"standard","meta":{"_monsterinsights_skip_tracking":false,"_monsterinsights_sitenote_active":false,"_monsterinsights_sitenote_note":"","_monsterinsights_sitenote_category":0,"footnotes":""},"categories":[2],"tags":[],"class_list":["post-69633","post","type-post","status-publish","format-standard","has-post-thumbnail","hentry","category-news","category-2","description-off"],"_links":{"self":[{"href":"https:\/\/radiokfor.com\/1\/wp-json\/wp\/v2\/posts\/69633","targetHints":{"allow":["GET"]}}],"collection":[{"href":"https:\/\/radiokfor.com\/1\/wp-json\/wp\/v2\/posts"}],"about":[{"href":"https:\/\/radiokfor.com\/1\/wp-json\/wp\/v2\/types\/post"}],"author":[{"embeddable":true,"href":"https:\/\/radiokfor.com\/1\/wp-json\/wp\/v2\/users\/3"}],"replies":[{"embeddable":true,"href":"https:\/\/radiokfor.com\/1\/wp-json\/wp\/v2\/comments?post=69633"}],"version-history":[{"count":1,"href":"https:\/\/radiokfor.com\/1\/wp-json\/wp\/v2\/posts\/69633\/revisions"}],"predecessor-version":[{"id":69635,"href":"https:\/\/radiokfor.com\/1\/wp-json\/wp\/v2\/posts\/69633\/revisions\/69635"}],"wp:featuredmedia":[{"embeddable":true,"href":"https:\/\/radiokfor.com\/1\/wp-json\/wp\/v2\/media\/69634"}],"wp:attachment":[{"href":"https:\/\/radiokfor.com\/1\/wp-json\/wp\/v2\/media?parent=69633"}],"wp:term":[{"taxonomy":"category","embeddable":true,"href":"https:\/\/radiokfor.com\/1\/wp-json\/wp\/v2\/categories?post=69633"},{"taxonomy":"post_tag","embeddable":true,"href":"https:\/\/radiokfor.com\/1\/wp-json\/wp\/v2\/tags?post=69633"}],"curies":[{"name":"wp","href":"https:\/\/api.w.org\/{rel}","templated":true}]}}