{"id":69368,"date":"2023-10-31T06:02:30","date_gmt":"2023-10-31T05:02:30","guid":{"rendered":"https:\/\/radiokfor.com\/1\/?p=69368"},"modified":"2023-10-26T14:31:56","modified_gmt":"2023-10-26T12:31:56","slug":"deri-ne-vitin-2050-7-nga-10-njerez-ne-bote-do-te-jetojne-ne-qytete","status":"publish","type":"post","link":"https:\/\/radiokfor.com\/1\/deri-ne-vitin-2050-7-nga-10-njerez-ne-bote-do-te-jetojne-ne-qytete\/","title":{"rendered":"Deri n\u00eb vitin 2050, 7 nga 10 njer\u00ebz n\u00eb bot\u00eb do t\u00eb jetojn\u00eb n\u00eb qytete"},"content":{"rendered":"<p>\u201cDita Bot\u00ebrore e Qyteteve\u201d e cila sh\u00ebnohet sot apo \u00e7do vit me dat\u00ebn 31 tetor, q\u00eb nga viti 2014, ka p\u00ebr q\u00ebllim t\u00eb nxit nd\u00ebrgjegj\u00ebsimin rreth sfidave dhe mund\u00ebsive q\u00eb lidhen me urbanizmin dhe zhvillimin e q\u00ebndruesh\u00ebm t\u00eb qyteteve.<\/p>\n<p>Qytetet jan\u00eb b\u00ebr\u00eb pika t\u00eb bashkimit t\u00eb njer\u00ebzve, ku faktor\u00ebt ekonomik\u00eb, social\u00eb, kulturor\u00eb dhe mjedisor\u00eb, nd\u00ebrveprojn\u00eb jo vet\u00ebm p\u00ebr t\u00eb ecur n\u00eb rrug\u00ebn e zhvillimit urban, por edhe p\u00ebr t\u00eb mb\u00ebshtetur zbatimin dhe arritjen e Agjend\u00ebs 2030 p\u00ebr Zhvillim t\u00eb Q\u00ebndruesh\u00ebm, t\u00eb udh\u00ebhequr nga UNESCO, e n\u00eb ve\u00e7anti objektivin e saj, q\u00eb thot\u00eb: \u201cT\u00eb nd\u00ebrtojm\u00eb qytete gjith\u00ebp\u00ebrfshir\u00ebse, t\u00eb sigurta dhe t\u00eb q\u00ebndrueshme\u201d.<\/p>\n<p>N\u00eb \u201cDit\u00ebn Bot\u00ebrore t\u00eb Qyteteve\u201d, qytetar\u00eb nga e gjith\u00eb bota organizojn\u00eb aktivitete t\u00eb ndryshme p\u00ebr t\u00eb promovuar zhvillimin e q\u00ebndruesh\u00ebm urban. K\u00ebto aktivitete p\u00ebrfshijn\u00eb takime t\u00eb specialist\u00ebve t\u00eb fushave t\u00eb ndryshme, pjes\u00ebmarrje n\u00eb diskutime mbi \u00e7\u00ebshtjet urbane dhe panaire t\u00eb hapura p\u00ebr publikun.<\/p>\n","protected":false},"excerpt":{"rendered":"<p>\u201cDita Bot\u00ebrore e Qyteteve\u201d e cila sh\u00ebnohet sot apo \u00e7do vit me dat\u00ebn 31 tetor, q\u00eb nga viti 2014, ka p\u00ebr q\u00ebllim t\u00eb nxit nd\u00ebrgjegj\u00ebsimin rreth sfidave dhe mund\u00ebsive q\u00eb lidhen me urbanizmin dhe zhvillimin e q\u00ebndruesh\u00ebm t\u00eb qyteteve. Qytetet jan\u00eb b\u00ebr\u00eb pika t\u00eb bashkimit t\u00eb njer\u00ebzve, ku faktor\u00ebt ekonomik\u00eb, social\u00eb, kulturor\u00eb dhe mjedisor\u00eb, nd\u00ebrveprojn\u00eb&hellip;<\/p>\n","protected":false},"author":3,"featured_media":69369,"comment_status":"closed","ping_status":"closed","sticky":false,"template":"","format":"standard","meta":{"_monsterinsights_skip_tracking":false,"_monsterinsights_sitenote_active":false,"_monsterinsights_sitenote_note":"","_monsterinsights_sitenote_category":0,"footnotes":""},"categories":[2],"tags":[],"class_list":["post-69368","post","type-post","status-publish","format-standard","has-post-thumbnail","hentry","category-news","category-2","description-off"],"_links":{"self":[{"href":"https:\/\/radiokfor.com\/1\/wp-json\/wp\/v2\/posts\/69368","targetHints":{"allow":["GET"]}}],"collection":[{"href":"https:\/\/radiokfor.com\/1\/wp-json\/wp\/v2\/posts"}],"about":[{"href":"https:\/\/radiokfor.com\/1\/wp-json\/wp\/v2\/types\/post"}],"author":[{"embeddable":true,"href":"https:\/\/radiokfor.com\/1\/wp-json\/wp\/v2\/users\/3"}],"replies":[{"embeddable":true,"href":"https:\/\/radiokfor.com\/1\/wp-json\/wp\/v2\/comments?post=69368"}],"version-history":[{"count":1,"href":"https:\/\/radiokfor.com\/1\/wp-json\/wp\/v2\/posts\/69368\/revisions"}],"predecessor-version":[{"id":69370,"href":"https:\/\/radiokfor.com\/1\/wp-json\/wp\/v2\/posts\/69368\/revisions\/69370"}],"wp:featuredmedia":[{"embeddable":true,"href":"https:\/\/radiokfor.com\/1\/wp-json\/wp\/v2\/media\/69369"}],"wp:attachment":[{"href":"https:\/\/radiokfor.com\/1\/wp-json\/wp\/v2\/media?parent=69368"}],"wp:term":[{"taxonomy":"category","embeddable":true,"href":"https:\/\/radiokfor.com\/1\/wp-json\/wp\/v2\/categories?post=69368"},{"taxonomy":"post_tag","embeddable":true,"href":"https:\/\/radiokfor.com\/1\/wp-json\/wp\/v2\/tags?post=69368"}],"curies":[{"name":"wp","href":"https:\/\/api.w.org\/{rel}","templated":true}]}}