{"id":69301,"date":"2023-10-23T10:17:34","date_gmt":"2023-10-23T08:17:34","guid":{"rendered":"https:\/\/radiokfor.com\/1\/?p=69301"},"modified":"2023-10-23T10:17:34","modified_gmt":"2023-10-23T08:17:34","slug":"ta-pastrojme-prishtinen","status":"publish","type":"post","link":"https:\/\/radiokfor.com\/1\/ta-pastrojme-prishtinen\/","title":{"rendered":"Ta pastrojm\u00eb Prishtin\u00ebn!"},"content":{"rendered":"<p>A jeni gati p\u00ebr aktivitetin m\u00eb mahnit\u00ebs n\u00eb qytet? Bashkohuni me ne, t\u00eb shtun\u00ebn m\u00eb 28 tetor 2023, n\u00eb mega misionin p\u00ebr ta b\u00ebr\u00eb Prishtin\u00ebn super t\u00eb past\u00ebr dhe Kosov\u00ebn m\u00eb t\u00eb gjelb\u00ebr!<\/p>\n<p>Me mb\u00ebshtetjen fantastike t\u00eb Ekipit Monitorues Nd\u00ebrlidh\u00ebs (LMT) t\u00eb KFOR-it K8 dhe mb\u00ebshtetjen e KRM &#8220;Pastrimi&#8221; Prishtin\u00eb, Trafikut Urban Prishtin\u00eb dhe &#8220;Melodia PX&#8221;, &#8220;Let\u2019s Do It &#8211; Ta Pastrojm\u00eb Kosov\u00ebn&#8221; po e organizojn\u00eb aktivitetin e k\u00ebtij viti!<\/p>\n<p><strong><em>Pika e takimit:<\/em><\/strong> Sheshi Zahir Pajaziti<\/p>\n<p><strong><em>Koha e takimit:<\/em><\/strong> 10:00<\/p>\n<p>N\u00ebse keni pyetje, kontaktoni n\u00eb numrin: 045783783<\/p>\n<p>Ose d\u00ebrgoni e-mail n\u00eb: info@tapastrojmekosoven.org<\/p>\n<p>Kjo \u00ebsht\u00eb mund\u00ebsia e juaj q\u00eb t\u2019i dhuroni pak dashuri kryeqytetit ton\u00eb t\u00eb mrekulluesh\u00ebm dhe k\u00ebtij planeti q\u00eb \u00ebsht\u00eb sht\u00ebpia jon\u00eb!<\/p>\n<p>Shp\u00ebrndajeni k\u00ebt\u00eb lajm dhe sillni miqt\u00eb tuaj, le t\u00eb KONTRIBUOJM\u00cb t\u00eb gjith\u00eb s\u00eb bashku!<\/p>\n<p><strong>#CleanUpPrishtina #LetsDoIt #CleanUpKosovo #KFOR<\/strong><\/p>\n","protected":false},"excerpt":{"rendered":"<p>A jeni gati p\u00ebr aktivitetin m\u00eb mahnit\u00ebs n\u00eb qytet? Bashkohuni me ne, t\u00eb shtun\u00ebn m\u00eb 28 tetor 2023, n\u00eb mega misionin p\u00ebr ta b\u00ebr\u00eb Prishtin\u00ebn super t\u00eb past\u00ebr dhe Kosov\u00ebn m\u00eb t\u00eb gjelb\u00ebr! Me mb\u00ebshtetjen fantastike t\u00eb Ekipit Monitorues Nd\u00ebrlidh\u00ebs (LMT) t\u00eb KFOR-it K8 dhe mb\u00ebshtetjen e KRM &#8220;Pastrimi&#8221; Prishtin\u00eb, Trafikut Urban Prishtin\u00eb dhe &#8220;Melodia&hellip;<\/p>\n","protected":false},"author":3,"featured_media":69302,"comment_status":"closed","ping_status":"closed","sticky":false,"template":"","format":"standard","meta":{"_monsterinsights_skip_tracking":false,"_monsterinsights_sitenote_active":false,"_monsterinsights_sitenote_note":"","_monsterinsights_sitenote_category":0,"footnotes":""},"categories":[2],"tags":[],"class_list":["post-69301","post","type-post","status-publish","format-standard","has-post-thumbnail","hentry","category-news","category-2","description-off"],"_links":{"self":[{"href":"https:\/\/radiokfor.com\/1\/wp-json\/wp\/v2\/posts\/69301","targetHints":{"allow":["GET"]}}],"collection":[{"href":"https:\/\/radiokfor.com\/1\/wp-json\/wp\/v2\/posts"}],"about":[{"href":"https:\/\/radiokfor.com\/1\/wp-json\/wp\/v2\/types\/post"}],"author":[{"embeddable":true,"href":"https:\/\/radiokfor.com\/1\/wp-json\/wp\/v2\/users\/3"}],"replies":[{"embeddable":true,"href":"https:\/\/radiokfor.com\/1\/wp-json\/wp\/v2\/comments?post=69301"}],"version-history":[{"count":1,"href":"https:\/\/radiokfor.com\/1\/wp-json\/wp\/v2\/posts\/69301\/revisions"}],"predecessor-version":[{"id":69303,"href":"https:\/\/radiokfor.com\/1\/wp-json\/wp\/v2\/posts\/69301\/revisions\/69303"}],"wp:featuredmedia":[{"embeddable":true,"href":"https:\/\/radiokfor.com\/1\/wp-json\/wp\/v2\/media\/69302"}],"wp:attachment":[{"href":"https:\/\/radiokfor.com\/1\/wp-json\/wp\/v2\/media?parent=69301"}],"wp:term":[{"taxonomy":"category","embeddable":true,"href":"https:\/\/radiokfor.com\/1\/wp-json\/wp\/v2\/categories?post=69301"},{"taxonomy":"post_tag","embeddable":true,"href":"https:\/\/radiokfor.com\/1\/wp-json\/wp\/v2\/tags?post=69301"}],"curies":[{"name":"wp","href":"https:\/\/api.w.org\/{rel}","templated":true}]}}