{"id":69171,"date":"2023-10-28T06:01:22","date_gmt":"2023-10-28T04:01:22","guid":{"rendered":"https:\/\/radiokfor.com\/1\/?p=69171"},"modified":"2023-10-18T14:44:51","modified_gmt":"2023-10-18T12:44:51","slug":"animacioni-ky-univers-i-pakufishem-i-imagjinates","status":"publish","type":"post","link":"https:\/\/radiokfor.com\/1\/animacioni-ky-univers-i-pakufishem-i-imagjinates\/","title":{"rendered":"Animacioni, ky univers i pakufish\u00ebm i imagjinat\u00ebs"},"content":{"rendered":"<p>Dita e sotme, 28 tetori, sh\u00ebnon nj\u00eb fest\u00eb p\u00ebr t\u00eb p\u00ebrkujtuar dit\u00ebn kur animacioni u shfaq p\u00ebr her\u00eb t\u00eb par\u00eb para shikuesve, p\u00ebr t\u00eb nderuar lindjen e animacionit dhe shfaqjen e par\u00eb publike t\u00eb imazheve l\u00ebviz\u00ebse, t\u00eb projektuara.<\/p>\n<p>Ishte data 28 tetor, e vitit 1892, kur n\u00eb Muzeun \u2018Gr\u00e9vin\u2019, t\u00eb Parisit, z. Charles-\u00c9mile Reynaud prezantoi p\u00ebr her\u00eb t\u00eb par\u00eb animacionin \u2018Th\u00e9\u00e2tre Optique\u2019 (Teatri Optik) dhe p\u00ebr t\u00eb nderuar vepr\u00ebn e tij, data e sotme, 28 tetori, \u00e7do vit sh\u00ebnon \u2018Dit\u00ebn Nd\u00ebrkomb\u00ebtare t\u00eb Animacionit\u2019.<\/p>\n<p>Animacioni n\u00eb dit\u00ebt e sotme \u00ebsht\u00eb zhvilluar shum\u00eb, q\u00eb nga krijimi i filmit t\u00eb par\u00eb t\u00eb animuar, i cili u krijua n\u00eb vitin 1908, nga artisti francez, z. \u00c9mile Cohl.<\/p>\n<p>Nd\u00ebrsa, nj\u00eb prej gjigant\u00ebve t\u00eb prodhimit t\u00eb filmave t\u00eb animuar \u2018Walt Disney\u2019, u krijua n\u00eb vitin 1923,\u00a0 kur v\u00ebllez\u00ebrit, z. Walt dhe z. Roy O. Disney, themeluan kompanin\u00eb m\u00eb t\u00eb madhe t\u00eb animacionit n\u00eb bot\u00eb.<\/p>\n","protected":false},"excerpt":{"rendered":"<p>Dita e sotme, 28 tetori, sh\u00ebnon nj\u00eb fest\u00eb p\u00ebr t\u00eb p\u00ebrkujtuar dit\u00ebn kur animacioni u shfaq p\u00ebr her\u00eb t\u00eb par\u00eb para shikuesve, p\u00ebr t\u00eb nderuar lindjen e animacionit dhe shfaqjen e par\u00eb publike t\u00eb imazheve l\u00ebviz\u00ebse, t\u00eb projektuara. Ishte data 28 tetor, e vitit 1892, kur n\u00eb Muzeun \u2018Gr\u00e9vin\u2019, t\u00eb Parisit, z. Charles-\u00c9mile Reynaud prezantoi&hellip;<\/p>\n","protected":false},"author":3,"featured_media":69172,"comment_status":"closed","ping_status":"closed","sticky":false,"template":"","format":"standard","meta":{"_monsterinsights_skip_tracking":false,"_monsterinsights_sitenote_active":false,"_monsterinsights_sitenote_note":"","_monsterinsights_sitenote_category":0,"footnotes":""},"categories":[2],"tags":[],"class_list":["post-69171","post","type-post","status-publish","format-standard","has-post-thumbnail","hentry","category-news","category-2","description-off"],"_links":{"self":[{"href":"https:\/\/radiokfor.com\/1\/wp-json\/wp\/v2\/posts\/69171","targetHints":{"allow":["GET"]}}],"collection":[{"href":"https:\/\/radiokfor.com\/1\/wp-json\/wp\/v2\/posts"}],"about":[{"href":"https:\/\/radiokfor.com\/1\/wp-json\/wp\/v2\/types\/post"}],"author":[{"embeddable":true,"href":"https:\/\/radiokfor.com\/1\/wp-json\/wp\/v2\/users\/3"}],"replies":[{"embeddable":true,"href":"https:\/\/radiokfor.com\/1\/wp-json\/wp\/v2\/comments?post=69171"}],"version-history":[{"count":1,"href":"https:\/\/radiokfor.com\/1\/wp-json\/wp\/v2\/posts\/69171\/revisions"}],"predecessor-version":[{"id":69173,"href":"https:\/\/radiokfor.com\/1\/wp-json\/wp\/v2\/posts\/69171\/revisions\/69173"}],"wp:featuredmedia":[{"embeddable":true,"href":"https:\/\/radiokfor.com\/1\/wp-json\/wp\/v2\/media\/69172"}],"wp:attachment":[{"href":"https:\/\/radiokfor.com\/1\/wp-json\/wp\/v2\/media?parent=69171"}],"wp:term":[{"taxonomy":"category","embeddable":true,"href":"https:\/\/radiokfor.com\/1\/wp-json\/wp\/v2\/categories?post=69171"},{"taxonomy":"post_tag","embeddable":true,"href":"https:\/\/radiokfor.com\/1\/wp-json\/wp\/v2\/tags?post=69171"}],"curies":[{"name":"wp","href":"https:\/\/api.w.org\/{rel}","templated":true}]}}