{"id":69167,"date":"2023-10-27T06:01:28","date_gmt":"2023-10-27T04:01:28","guid":{"rendered":"https:\/\/radiokfor.com\/1\/?p=69167"},"modified":"2023-10-18T14:37:10","modified_gmt":"2023-10-18T12:37:10","slug":"rendesia-e-ruajtjes-se-e-trashegimise-kulturore-audio-vizuale","status":"publish","type":"post","link":"https:\/\/radiokfor.com\/1\/rendesia-e-ruajtjes-se-e-trashegimise-kulturore-audio-vizuale\/","title":{"rendered":"R\u00ebnd\u00ebsia e ruajtjes s\u00eb e trash\u00ebgimis\u00eb kulturore audio-vizuale"},"content":{"rendered":"<p>Sot, me 27 tetor, bota feston \u2018Dit\u00ebn Bot\u00ebrore t\u00eb Trash\u00ebgimis\u00eb Audio-vizuale\u2019, p\u00ebr t\u00eb theksuar r\u00ebnd\u00ebsin\u00eb e ruajtjes s\u00eb materialeve audio-vizuale, q\u00eb prezantojn\u00eb historin\u00eb, kultur\u00ebn dhe identitetin e nj\u00eb vendi.<\/p>\n<p>N\u00eb vendin ton\u00eb, dokumente dhe materiale audio-vizuale, mund ti gjejm\u00eb n\u00eb Bibliotek\u00ebn Komb\u00ebtare t\u00eb Kosov\u00ebs pasi q\u00eb prodhuesit dhe botuesit e materialeve audio-vizuale nj\u00ebjt\u00eb sikur botuesit e librave, kan\u00eb p\u00ebr obligim ti dhurojn\u00eb Bibliotek\u00ebs Komb\u00ebtare, tre deri n\u00eb pes\u00eb kopje t\u00eb krijimeve t\u00eb tyre, t\u00eb cilat ndryshe quhen, kopje t\u00eb detyrueshme.<\/p>\n<p>Ruajtja e trash\u00ebgimis\u00eb audio-vizuale, \u00ebsht\u00eb detyr\u00eb e jon\u00eb p\u00ebr ta mbajtur gjall\u00eb dhe p\u00ebr ta pasuar historin\u00eb ton\u00eb tek brezat e ardhsh\u00ebm. Duke e vler\u00ebsuar k\u00ebt\u00eb trash\u00ebgimi, ne mbrojm\u00eb dhe promovojm\u00eb kultur\u00ebn dhe identitetin ton\u00eb.<\/p>\n<p>Le t\u00eb kujdesemi p\u00ebr k\u00ebt\u00eb pasuri t\u00eb \u00e7muar, ta ruajm\u00eb at\u00eb, q\u00eb ta ndajm\u00eb edhe me brezat e ardhsh\u00ebm.<\/p>\n","protected":false},"excerpt":{"rendered":"<p>Sot, me 27 tetor, bota feston \u2018Dit\u00ebn Bot\u00ebrore t\u00eb Trash\u00ebgimis\u00eb Audio-vizuale\u2019, p\u00ebr t\u00eb theksuar r\u00ebnd\u00ebsin\u00eb e ruajtjes s\u00eb materialeve audio-vizuale, q\u00eb prezantojn\u00eb historin\u00eb, kultur\u00ebn dhe identitetin e nj\u00eb vendi. N\u00eb vendin ton\u00eb, dokumente dhe materiale audio-vizuale, mund ti gjejm\u00eb n\u00eb Bibliotek\u00ebn Komb\u00ebtare t\u00eb Kosov\u00ebs pasi q\u00eb prodhuesit dhe botuesit e materialeve audio-vizuale nj\u00ebjt\u00eb sikur botuesit&hellip;<\/p>\n","protected":false},"author":3,"featured_media":69168,"comment_status":"closed","ping_status":"closed","sticky":false,"template":"","format":"standard","meta":{"_monsterinsights_skip_tracking":false,"_monsterinsights_sitenote_active":false,"_monsterinsights_sitenote_note":"","_monsterinsights_sitenote_category":0,"footnotes":""},"categories":[2],"tags":[],"class_list":["post-69167","post","type-post","status-publish","format-standard","has-post-thumbnail","hentry","category-news","category-2","description-off"],"_links":{"self":[{"href":"https:\/\/radiokfor.com\/1\/wp-json\/wp\/v2\/posts\/69167","targetHints":{"allow":["GET"]}}],"collection":[{"href":"https:\/\/radiokfor.com\/1\/wp-json\/wp\/v2\/posts"}],"about":[{"href":"https:\/\/radiokfor.com\/1\/wp-json\/wp\/v2\/types\/post"}],"author":[{"embeddable":true,"href":"https:\/\/radiokfor.com\/1\/wp-json\/wp\/v2\/users\/3"}],"replies":[{"embeddable":true,"href":"https:\/\/radiokfor.com\/1\/wp-json\/wp\/v2\/comments?post=69167"}],"version-history":[{"count":2,"href":"https:\/\/radiokfor.com\/1\/wp-json\/wp\/v2\/posts\/69167\/revisions"}],"predecessor-version":[{"id":69170,"href":"https:\/\/radiokfor.com\/1\/wp-json\/wp\/v2\/posts\/69167\/revisions\/69170"}],"wp:featuredmedia":[{"embeddable":true,"href":"https:\/\/radiokfor.com\/1\/wp-json\/wp\/v2\/media\/69168"}],"wp:attachment":[{"href":"https:\/\/radiokfor.com\/1\/wp-json\/wp\/v2\/media?parent=69167"}],"wp:term":[{"taxonomy":"category","embeddable":true,"href":"https:\/\/radiokfor.com\/1\/wp-json\/wp\/v2\/categories?post=69167"},{"taxonomy":"post_tag","embeddable":true,"href":"https:\/\/radiokfor.com\/1\/wp-json\/wp\/v2\/tags?post=69167"}],"curies":[{"name":"wp","href":"https:\/\/api.w.org\/{rel}","templated":true}]}}