{"id":69164,"date":"2023-10-26T06:07:00","date_gmt":"2023-10-26T04:07:00","guid":{"rendered":"https:\/\/radiokfor.com\/1\/?p=69164"},"modified":"2023-10-18T14:26:56","modified_gmt":"2023-10-18T12:26:56","slug":"ciceroni-kulturor-9","status":"publish","type":"post","link":"https:\/\/radiokfor.com\/1\/ciceroni-kulturor-9\/","title":{"rendered":"Ciceroni kulturor"},"content":{"rendered":"<p>Qendra kulturore \u2018Akropoli i Ri\u2019, fton t\u00eb gjith\u00eb t\u00eb interesuarit n\u00eb kursin e filozofis\u00eb ku do t\u00eb ofrojn\u00eb m\u00ebsime, se si t\u00eb balanconi ndjenjat, mendimet dhe veprimet, t\u00eb njihni dhe p\u00ebrmir\u00ebsoni pikat tuaja t\u00eb forta, t\u00eb mendoni p\u00ebr veten tuaj dhe t\u00eb zgjidhni lirsh\u00ebm, t\u00eb zhvilloni aft\u00ebsin\u00eb p\u00ebr t\u00eb zot\u00ebruar veten tuaj. Ky kurs, do t\u00eb nis sot (26.10.2023) dhe do t\u00eb zgjas\u00eb tre muaj. Trajnimet do t\u00eb mbahen n\u00eb hap\u00ebsirat e qendr\u00ebs kulturore \u2018Akropoli i Ri\u2019, n\u00eb rrug\u00ebn Zejnel Hajdini, n\u00eb Prishtin\u00eb.<\/p>\n<p>N\u00eb \u2018Galerin\u00eb Qahili\u2019, vjen aktiviteti i radh\u00ebs, i em\u00ebrtuar \u201cUdh\u00ebtojm\u00eb\u201d nj\u00eb ekspozit\u00eb kjo, diskutim dhe promovim. N\u00eb kuad\u00ebr t\u00eb aktivitetit \u201cUdh\u00ebtojm\u00eb\u201d, do t\u00eb organizohet ekspozita me punime dhe ilustrime t\u00eb artistit Zamir Mati, piktor i merituar, diskutim nga arkeologu i fjal\u00ebs shqipe n\u00eb shkrime prehistorike t\u00eb Mesdheut, Ilir Mati dhe n\u00eb m\u00ebnyr\u00eb paralele, promovim post-mortum i librit t\u00eb shkrimtarit Ki\u00e7o Blushit, \u201cBeni ec\u00ebn vet\u00eb\u201d. Ngjarja vjen sot (26 tetor), nga ora 17:00.<\/p>\n<p>Me dat\u00eb 28 tetor, do t\u00eb mbahet \u2018Konferenca p\u00ebr Lidership \u2013 2023\u2019. N\u00ebn titullin \u2018Lidershipi p\u00ebr Koh\u00ebra Sfiduese\u2019, kjo konferenc\u00eb ka p\u00ebr q\u00ebllim t\u00eb b\u00ebj\u00eb bashk\u00eb pjes\u00ebmarr\u00ebs nga sektor\u00eb t\u00eb ndrysh\u00ebm t\u00eb shoq\u00ebris\u00eb, t\u00eb cil\u00ebt do t\u00eb m\u00ebsojn\u00eb m\u00eb shum\u00eb nga p\u00ebrvoja e lider\u00ebve t\u00eb ndrysh\u00ebm, p\u00ebr sfidat me t\u00eb cilat jan\u00eb duke u p\u00ebrballur dhe me m\u00ebnyrat se si jan\u00eb duke i adresuar k\u00ebto sfida n\u00eb m\u00ebnyr\u00eb \u00a0efektive. Pjes\u00ebmarrja mund t\u00eb b\u00ebhet edhe me prezenc\u00eb fizike n\u00eb Kampus t\u00eb UBT-s\u00eb, n\u00eb Lipjan dhe online.<\/p>\n<p>\u00cbsht\u00eb \u201cShoqata e P\u00ebrpunuesve t\u00eb Pem\u00ebve dhe Perimeve t\u00eb Kosov\u00ebs\u201d (Association of Fruits and Vegetable Processors of Kosovo), t\u00eb cil\u00ebt po e organizojn\u00eb edicionin e 3-t\u00eb t\u00eb Forumit t\u00eb Sektorit t\u00eb Ushqimit. Forumi do t\u00eb mbahet me dat\u00ebn 1 n\u00ebntor, n\u00eb hap\u00ebsirat e Hotel Emerald, nga ora 09:30 deri n\u00eb or\u00ebn 17:00.<\/p>\n","protected":false},"excerpt":{"rendered":"<p>Qendra kulturore \u2018Akropoli i Ri\u2019, fton t\u00eb gjith\u00eb t\u00eb interesuarit n\u00eb kursin e filozofis\u00eb ku do t\u00eb ofrojn\u00eb m\u00ebsime, se si t\u00eb balanconi ndjenjat, mendimet dhe veprimet, t\u00eb njihni dhe p\u00ebrmir\u00ebsoni pikat tuaja t\u00eb forta, t\u00eb mendoni p\u00ebr veten tuaj dhe t\u00eb zgjidhni lirsh\u00ebm, t\u00eb zhvilloni aft\u00ebsin\u00eb p\u00ebr t\u00eb zot\u00ebruar veten tuaj. Ky kurs, do&hellip;<\/p>\n","protected":false},"author":3,"featured_media":69165,"comment_status":"closed","ping_status":"closed","sticky":false,"template":"","format":"standard","meta":{"_monsterinsights_skip_tracking":false,"_monsterinsights_sitenote_active":false,"_monsterinsights_sitenote_note":"","_monsterinsights_sitenote_category":0,"footnotes":""},"categories":[2],"tags":[],"class_list":["post-69164","post","type-post","status-publish","format-standard","has-post-thumbnail","hentry","category-news","category-2","description-off"],"_links":{"self":[{"href":"https:\/\/radiokfor.com\/1\/wp-json\/wp\/v2\/posts\/69164","targetHints":{"allow":["GET"]}}],"collection":[{"href":"https:\/\/radiokfor.com\/1\/wp-json\/wp\/v2\/posts"}],"about":[{"href":"https:\/\/radiokfor.com\/1\/wp-json\/wp\/v2\/types\/post"}],"author":[{"embeddable":true,"href":"https:\/\/radiokfor.com\/1\/wp-json\/wp\/v2\/users\/3"}],"replies":[{"embeddable":true,"href":"https:\/\/radiokfor.com\/1\/wp-json\/wp\/v2\/comments?post=69164"}],"version-history":[{"count":1,"href":"https:\/\/radiokfor.com\/1\/wp-json\/wp\/v2\/posts\/69164\/revisions"}],"predecessor-version":[{"id":69166,"href":"https:\/\/radiokfor.com\/1\/wp-json\/wp\/v2\/posts\/69164\/revisions\/69166"}],"wp:featuredmedia":[{"embeddable":true,"href":"https:\/\/radiokfor.com\/1\/wp-json\/wp\/v2\/media\/69165"}],"wp:attachment":[{"href":"https:\/\/radiokfor.com\/1\/wp-json\/wp\/v2\/media?parent=69164"}],"wp:term":[{"taxonomy":"category","embeddable":true,"href":"https:\/\/radiokfor.com\/1\/wp-json\/wp\/v2\/categories?post=69164"},{"taxonomy":"post_tag","embeddable":true,"href":"https:\/\/radiokfor.com\/1\/wp-json\/wp\/v2\/tags?post=69164"}],"curies":[{"name":"wp","href":"https:\/\/api.w.org\/{rel}","templated":true}]}}