{"id":68842,"date":"2023-09-21T06:03:37","date_gmt":"2023-09-21T04:03:37","guid":{"rendered":"https:\/\/radiokfor.com\/1\/?p=68842"},"modified":"2023-09-20T11:24:58","modified_gmt":"2023-09-20T09:24:58","slug":"paqja-fillon-me-nje-buzeqeshje-dhe-te-gjithe-ne-mund-te-jemi-misionare-te-saj","status":"publish","type":"post","link":"https:\/\/radiokfor.com\/1\/paqja-fillon-me-nje-buzeqeshje-dhe-te-gjithe-ne-mund-te-jemi-misionare-te-saj\/","title":{"rendered":"Paqja fillon me nj\u00eb buz\u00ebqeshje dhe t\u00eb gjith\u00eb ne mund t\u00eb jemi misionar\u00eb t\u00eb saj"},"content":{"rendered":"<p><em>\u201cPaqja fillon me nj\u00eb buz\u00ebqeshje\u201d,<\/em> k\u00ebshtu ka th\u00ebn\u00eb N\u00ebn\u00eb Tereza dhe duke iu p\u00ebrmbajtur k\u00ebsaj th\u00ebnieje, secili prej nesh mund t\u00eb b\u00ebhet misionar i paqes n\u00eb bot\u00eb. P\u00ebr t\u00eb kremtuar dhe promovuar paqen n\u00eb bot\u00eb, Kombet e Bashkuara jan\u00eb r\u00ebn\u00eb dakord q\u00eb 21 shtatori, t\u00eb kremtohet si \u201cDit\u00eb Nd\u00ebrkomb\u00ebtare e Paqes\u201d, dit\u00eb n\u00eb t\u00eb cil\u00ebn komuniteti bot\u00ebror\u00eb reflekton mbi forcimin e idealeve t\u00eb paqes n\u00eb mes t\u00eb t\u00eb gjitha kombeve dhe popujve n\u00eb bot\u00eb.<\/p>\n<p>P\u00ebr t\u00eb sh\u00ebnuar k\u00ebt\u00eb dat\u00eb t\u00eb r\u00ebnd\u00ebsishme, Radio KFOR-i mori disa mendime p\u00ebr r\u00ebnd\u00ebsin\u00eb e paqes, nga disa t\u00eb rinj q\u00eb jetojn\u00eb n\u00eb Kosov\u00eb, t\u00eb cil\u00ebt na treguan se \u00e7far\u00eb do t\u00eb thot\u00eb paqja p\u00ebr ta<em>: \u201cUn\u00eb jam Elena Gjevukaj. Paqja p\u00ebr mua p\u00ebrfaq\u00ebson t\u00eb bukur\u00ebn dhe themelin, se si ne nd\u00ebrtojm\u00eb marr\u00ebdh\u00ebniet me t\u00eb gjith\u00eb njer\u00ebzit. Paqja \u00ebsht\u00eb \u00e7el\u00ebs i nj\u00eb bot\u00eb paq\u00ebsore, \u00e7el\u00ebs i lumturis\u00eb s\u00eb secilit prej nesh, g\u00ebzimi i secil\u00ebs t\u00eb drejt\u00eb njer\u00ebzore dhe misioni yn\u00eb q\u00eb duhet t\u00eb buroj\u00eb nga bashk\u00ebpunimi i mir\u00ebfillt\u00eb nd\u00ebrmjet t\u00eb gjith\u00eb njer\u00ebzve, pa dallime gjinie, race, kombi apo feje.\u201d <\/em><\/p>\n<p><em>\u201cJeta n\u00eb paqe nuk ka \u00e7mim. Kjo \u00ebsht\u00eb pik\u00ebrisht arsyeja pse \u00ebsht\u00eb kaq r\u00ebnd\u00ebsishme q\u00eb sot, n\u00eb \u2019Dit\u00ebn Nd\u00ebrkomb\u00ebtare t\u00eb Paqes\u2019, t\u00eb flasim m\u00eb shum\u00eb se zakonisht se sa e nevojshme \u00ebsht\u00eb paqja p\u00ebr t\u00eb gjith\u00eb njer\u00ebzit q\u00eb jetojn\u00eb n\u00eb k\u00ebt\u00eb planet\u201d, <\/em>tha k\u00ebshtu p\u00ebr Radio KFOR-in Ivana Jani\u00e7ijeviq.<\/p>\n<p><em>\u00a0<\/em><em>\u201cUn\u00eb jam Enes Keriq. Kur e mendojm\u00eb lumturin\u00eb, mendojm\u00eb n\u00eb gj\u00ebra t\u00eb bukura, si natyra, familja, shoq\u00ebria, momentet e bukura q\u00eb krijojn\u00eb kujtime, e shum\u00eb\u00e7ka tjet\u00ebr. E baza p\u00ebr t\u00eb gjitha ato gj\u00ebra q\u00eb na sjellin lumturi, padyshim q\u00eb \u00ebsht\u00eb paqja e cila duhet t\u00eb filloj\u00eb nga brendia e secilit prej nesh, p\u00ebr t\u00eb reflektuar m\u00eb pas n\u00eb paqe, q\u00eb t\u00eb z\u00eb vend gjithandej bot\u00ebs. Prandaj, p\u00ebr nj\u00eb bot\u00eb paq\u00ebsore duhet angazhim i secilit prej nesh, n\u00eb shtrirjen e paqes.\u201d <\/em><\/p>\n<p><em>\u201c\u00c7do dit\u00eb duhet t\u00eb flitet p\u00ebr r\u00ebnd\u00ebsin\u00eb e paqes, n\u00eb mbar\u00eb bot\u00ebn. Jeta n\u00eb paqe ka nj\u00eb r\u00ebnd\u00ebsi ky\u00e7e p\u00ebr zhvillimin e \u00e7do individi, p\u00ebr edukimin, arsimimin dhe ngritjen e tij. <\/em><em>Mendoj se \u00e7do individ, duke p\u00ebrhapur mesazhin e paqes, mund t\u00eb jap\u00eb nj\u00eb kontribut modest p\u00ebr arritjen e q\u00ebllimit, q\u00eb \u00ebsht\u00eb t\u00eb jetojm\u00eb n\u00eb nj\u00eb mjedis paq\u00ebsor\u201d,<\/em> tha Teodora Petroviq.<\/p>\n<p>Paqja p\u00ebrfshin t\u00eb drejtat themelore t\u00eb njeriut, faljen, toleranc\u00ebn dhe pajtimin n\u00eb mes t\u00eb njer\u00ebzve dhe komuniteteve bot\u00ebrore.<\/p>\n","protected":false},"excerpt":{"rendered":"<p>\u201cPaqja fillon me nj\u00eb buz\u00ebqeshje\u201d, k\u00ebshtu ka th\u00ebn\u00eb N\u00ebn\u00eb Tereza dhe duke iu p\u00ebrmbajtur k\u00ebsaj th\u00ebnieje, secili prej nesh mund t\u00eb b\u00ebhet misionar i paqes n\u00eb bot\u00eb. P\u00ebr t\u00eb kremtuar dhe promovuar paqen n\u00eb bot\u00eb, Kombet e Bashkuara jan\u00eb r\u00ebn\u00eb dakord q\u00eb 21 shtatori, t\u00eb kremtohet si \u201cDit\u00eb Nd\u00ebrkomb\u00ebtare e Paqes\u201d, dit\u00eb n\u00eb t\u00eb cil\u00ebn&hellip;<\/p>\n","protected":false},"author":3,"featured_media":68843,"comment_status":"closed","ping_status":"closed","sticky":false,"template":"","format":"standard","meta":{"_monsterinsights_skip_tracking":false,"_monsterinsights_sitenote_active":false,"_monsterinsights_sitenote_note":"","_monsterinsights_sitenote_category":0,"footnotes":""},"categories":[2],"tags":[],"class_list":["post-68842","post","type-post","status-publish","format-standard","has-post-thumbnail","hentry","category-news","category-2","description-off"],"_links":{"self":[{"href":"https:\/\/radiokfor.com\/1\/wp-json\/wp\/v2\/posts\/68842","targetHints":{"allow":["GET"]}}],"collection":[{"href":"https:\/\/radiokfor.com\/1\/wp-json\/wp\/v2\/posts"}],"about":[{"href":"https:\/\/radiokfor.com\/1\/wp-json\/wp\/v2\/types\/post"}],"author":[{"embeddable":true,"href":"https:\/\/radiokfor.com\/1\/wp-json\/wp\/v2\/users\/3"}],"replies":[{"embeddable":true,"href":"https:\/\/radiokfor.com\/1\/wp-json\/wp\/v2\/comments?post=68842"}],"version-history":[{"count":3,"href":"https:\/\/radiokfor.com\/1\/wp-json\/wp\/v2\/posts\/68842\/revisions"}],"predecessor-version":[{"id":68846,"href":"https:\/\/radiokfor.com\/1\/wp-json\/wp\/v2\/posts\/68842\/revisions\/68846"}],"wp:featuredmedia":[{"embeddable":true,"href":"https:\/\/radiokfor.com\/1\/wp-json\/wp\/v2\/media\/68843"}],"wp:attachment":[{"href":"https:\/\/radiokfor.com\/1\/wp-json\/wp\/v2\/media?parent=68842"}],"wp:term":[{"taxonomy":"category","embeddable":true,"href":"https:\/\/radiokfor.com\/1\/wp-json\/wp\/v2\/categories?post=68842"},{"taxonomy":"post_tag","embeddable":true,"href":"https:\/\/radiokfor.com\/1\/wp-json\/wp\/v2\/tags?post=68842"}],"curies":[{"name":"wp","href":"https:\/\/api.w.org\/{rel}","templated":true}]}}