{"id":68722,"date":"2023-09-09T06:06:15","date_gmt":"2023-09-09T04:06:15","guid":{"rendered":"https:\/\/radiokfor.com\/1\/?p=68722"},"modified":"2023-09-08T13:38:13","modified_gmt":"2023-09-08T11:38:13","slug":"shenohet-sot-dita-nderkombetare-e-mbrojtjes-se-arsimimit-nga-sulmi","status":"publish","type":"post","link":"https:\/\/radiokfor.com\/1\/shenohet-sot-dita-nderkombetare-e-mbrojtjes-se-arsimimit-nga-sulmi\/","title":{"rendered":"Sh\u00ebnohet sot \u201cDita Nd\u00ebrkomb\u00ebtare e Mbrojtjes s\u00eb Arsimimit nga Sulmi\u201d"},"content":{"rendered":"<p>Duke njohur r\u00ebnd\u00ebsin\u00eb e nd\u00ebrgjegj\u00ebsimit p\u00ebr nevoj\u00ebn urgjente p\u00ebr t\u00eb ruajtur arsimin dhe p\u00ebr t\u00eb mbrojtur at\u00eb nga sulmet, Asambleja e P\u00ebrgjithshme e OKB-s\u00eb, m\u00eb 28 maj, t\u00eb vitit 2020, vendosi 9 shtatorin si \u201cDit\u00eb Nd\u00ebrkomb\u00ebtare p\u00ebr Mbrojtjen e Arsimit nga Sulmet\u201d.<\/p>\n<p>Sh\u00ebnimi i k\u00ebsaj dite, sh\u00ebrben si nj\u00eb platform\u00eb vjetore p\u00ebr t\u00eb p\u00ebrforcuar avokimin dhe nxitjen e veprimeve p\u00ebr mbrojtjen e arsimit dhe paqes s\u00eb q\u00ebndrueshme p\u00ebr t\u00eb gjith\u00eb, ku shkollat, universitetet dhe vatrat arsimore duhet t\u00eb jen\u00eb gjithmon\u00eb streha t\u00eb sigurta, q\u00eb nxisin paqe dhe zhvillim.<\/p>\n<p>E drejta p\u00ebr arsimim duhet t\u00eb respektohet, t\u00eb mbahet dhe t\u00eb g\u00ebzohet nga t\u00eb gjith\u00eb, ve\u00e7an\u00ebrisht n\u00eb ato vende ku ka konflikte t\u00eb armatosura.<\/p>\n","protected":false},"excerpt":{"rendered":"<p>Duke njohur r\u00ebnd\u00ebsin\u00eb e nd\u00ebrgjegj\u00ebsimit p\u00ebr nevoj\u00ebn urgjente p\u00ebr t\u00eb ruajtur arsimin dhe p\u00ebr t\u00eb mbrojtur at\u00eb nga sulmet, Asambleja e P\u00ebrgjithshme e OKB-s\u00eb, m\u00eb 28 maj, t\u00eb vitit 2020, vendosi 9 shtatorin si \u201cDit\u00eb Nd\u00ebrkomb\u00ebtare p\u00ebr Mbrojtjen e Arsimit nga Sulmet\u201d. Sh\u00ebnimi i k\u00ebsaj dite, sh\u00ebrben si nj\u00eb platform\u00eb vjetore p\u00ebr t\u00eb p\u00ebrforcuar avokimin&hellip;<\/p>\n","protected":false},"author":3,"featured_media":68723,"comment_status":"closed","ping_status":"closed","sticky":false,"template":"","format":"standard","meta":{"_monsterinsights_skip_tracking":false,"_monsterinsights_sitenote_active":false,"_monsterinsights_sitenote_note":"","_monsterinsights_sitenote_category":0,"footnotes":""},"categories":[2],"tags":[],"class_list":["post-68722","post","type-post","status-publish","format-standard","has-post-thumbnail","hentry","category-news","category-2","description-off"],"_links":{"self":[{"href":"https:\/\/radiokfor.com\/1\/wp-json\/wp\/v2\/posts\/68722","targetHints":{"allow":["GET"]}}],"collection":[{"href":"https:\/\/radiokfor.com\/1\/wp-json\/wp\/v2\/posts"}],"about":[{"href":"https:\/\/radiokfor.com\/1\/wp-json\/wp\/v2\/types\/post"}],"author":[{"embeddable":true,"href":"https:\/\/radiokfor.com\/1\/wp-json\/wp\/v2\/users\/3"}],"replies":[{"embeddable":true,"href":"https:\/\/radiokfor.com\/1\/wp-json\/wp\/v2\/comments?post=68722"}],"version-history":[{"count":1,"href":"https:\/\/radiokfor.com\/1\/wp-json\/wp\/v2\/posts\/68722\/revisions"}],"predecessor-version":[{"id":68724,"href":"https:\/\/radiokfor.com\/1\/wp-json\/wp\/v2\/posts\/68722\/revisions\/68724"}],"wp:featuredmedia":[{"embeddable":true,"href":"https:\/\/radiokfor.com\/1\/wp-json\/wp\/v2\/media\/68723"}],"wp:attachment":[{"href":"https:\/\/radiokfor.com\/1\/wp-json\/wp\/v2\/media?parent=68722"}],"wp:term":[{"taxonomy":"category","embeddable":true,"href":"https:\/\/radiokfor.com\/1\/wp-json\/wp\/v2\/categories?post=68722"},{"taxonomy":"post_tag","embeddable":true,"href":"https:\/\/radiokfor.com\/1\/wp-json\/wp\/v2\/tags?post=68722"}],"curies":[{"name":"wp","href":"https:\/\/api.w.org\/{rel}","templated":true}]}}