{"id":68590,"date":"2023-08-31T06:06:05","date_gmt":"2023-08-31T04:06:05","guid":{"rendered":"https:\/\/radiokfor.com\/1\/?p=68590"},"modified":"2023-08-30T14:32:05","modified_gmt":"2023-08-30T12:32:05","slug":"hardh-fest-nga-neser-mirepret-publikun-me-moton-prek-nrrush-shijo-nven","status":"publish","type":"post","link":"https:\/\/radiokfor.com\/1\/hardh-fest-nga-neser-mirepret-publikun-me-moton-prek-nrrush-shijo-nven\/","title":{"rendered":"\u2018Hardh Fest\u2019 nga nes\u00ebr mir\u00ebpret publikun me moton \u2018Prek n\u2019rrush, shijo n\u2019ven\u2019"},"content":{"rendered":"<p>Edicioni i ri i fest\u00ebs s\u00eb vjeljes s\u00eb rrushit \u201cHardh Fest\u201d, k\u00ebt\u00eb vit do t\u00eb mbahet nga dita e nes\u00ebrme, p\u00ebrkat\u00ebsisht n\u00eb datat 1, 2 dhe 3 shtator n\u00ebn sloganin \u201cPrek n\u2019rrush, shijo n\u2019ven\u201d. Edhe k\u00ebt\u00eb vit si \u00e7do vit tjet\u00ebr, festivali n\u00eb fjal\u00eb po organizohet n\u00eb vikendin e par\u00eb t\u00eb muajit shtator, me q\u00eb p\u00ebrkon me jav\u00ebn e vjeljes s\u00eb rrushit. \u2018Hardh Fest\u2019 vjen me shum\u00eb aktivitete p\u00ebr t\u00eb gjith\u00eb adhuruesit e muzik\u00ebs dhe jo vet\u00ebm, ku m\u00eb shum\u00eb detaje rreth k\u00ebtij festivali, p\u00ebr Radio KFOR-in tregoi zyrtarja p\u00ebr marr\u00ebdh\u00ebnie me publikun e k\u00ebtij festivali, znj. Dea Luma: \u00a0\u201cSi gjithmon\u00eb \u2018Hardh Fest\u2019, gjat\u00eb 3 dit\u00ebve t\u00eb festivalit do t\u00eb organizoj\u00eb aktivitete t\u00eb ndryshme. Do t\u00eb nis\u00eb n\u00eb ora 12:00 me disa adresime zyrtare, p\u00ebr t\u00eb vazhduar me hapjen e panairit t\u00eb ver\u00ebs, rakis\u00eb dhe rrushit, e m\u00eb pas do t\u00eb nisin aktivitetet si garat n\u00eb vjeljen e rrushit, garat n\u00eb shtrydhjen e rrushit dhe demonstrimi i pjek\u00ebs s\u00eb rakis\u00eb. M\u00eb pas organizohet \u2018Hardh Tour\u2019, ku do t\u00eb beh\u00ebt vizit\u00eb n\u00eb vreshtat e bodrumeve t\u00eb Rahovecit, monumenteve historike e kulturore, HardhKids e Hardh Ex (gara se kush pi m\u00eb shpejt disa gota raki) dhe k\u00ebt\u00eb vit p\u00ebr risi n\u00eb list\u00ebn e aktiviteteve do t\u00eb jet\u00eb aktiviteti \u2018Vrapim me Gota t\u00eb Ver\u00ebs\u2019. Gjithashtu nj\u00eb nga aktivitetet kryesore t\u00eb \u2018Hardh Fest\u2019, \u00ebsht\u00eb edhe aktiviteti \u2018Ora Poetike\u2019, ku gjithmon\u00eb i dedikohet poetit ton\u00eb shum\u00eb t\u00eb njohur e q\u00eb tashm\u00eb nuk ndodhet m\u00eb n\u00eb mesin ton\u00eb, i ndjeri Xhevdet Bajraj.\u201d<\/p>\n<p>N\u00eb k\u00ebt\u00eb edicion do t\u00eb ket\u00eb shum\u00eb muzik\u00eb, do t\u00eb performojn\u00eb grupi Jericho, Asgj\u00eb Sikur Dielli, Offcherstra, Xuxi, Grupi Na, Renis Gjoka, Minatori dhe shum\u00eb DJ dhe bende t\u00eb ndryshme q\u00eb do t\u00eb jen\u00eb nj\u00eb surpriz\u00eb p\u00ebr publikun. \u00a0N\u00eb k\u00ebt\u00eb edicion, pjes\u00eb e festivalit do t\u00eb jet\u00eb edhe bendi i mir\u00ebnjohur Dire Straits Legacy, ku p\u00ebr her\u00eb t\u00eb par\u00eb n\u00eb Kosov\u00eb, publiku do t\u00eb ket\u00eb mund\u00ebsi ti d\u00ebgjoj live k\u00ebng\u00ebt e grupit legjendar Dire Straits.<\/p>\n<p>E gjith\u00eb k\u00ebto net, do t\u00eb shoq\u00ebrohen me \u2018after party\u2019 n\u00eb Hardh Camp, ku kampi \u00ebsht\u00eb i vendosur n\u00eb mes t\u00eb vreshtave, n\u00eb nj\u00eb pejzash mahnit\u00ebs.<\/p>\n","protected":false},"excerpt":{"rendered":"<p>Edicioni i ri i fest\u00ebs s\u00eb vjeljes s\u00eb rrushit \u201cHardh Fest\u201d, k\u00ebt\u00eb vit do t\u00eb mbahet nga dita e nes\u00ebrme, p\u00ebrkat\u00ebsisht n\u00eb datat 1, 2 dhe 3 shtator n\u00ebn sloganin \u201cPrek n\u2019rrush, shijo n\u2019ven\u201d. Edhe k\u00ebt\u00eb vit si \u00e7do vit tjet\u00ebr, festivali n\u00eb fjal\u00eb po organizohet n\u00eb vikendin e par\u00eb t\u00eb muajit shtator, me q\u00eb&hellip;<\/p>\n","protected":false},"author":3,"featured_media":68591,"comment_status":"closed","ping_status":"closed","sticky":false,"template":"","format":"standard","meta":{"_monsterinsights_skip_tracking":false,"_monsterinsights_sitenote_active":false,"_monsterinsights_sitenote_note":"","_monsterinsights_sitenote_category":0,"footnotes":""},"categories":[2],"tags":[],"class_list":["post-68590","post","type-post","status-publish","format-standard","has-post-thumbnail","hentry","category-news","category-2","description-off"],"_links":{"self":[{"href":"https:\/\/radiokfor.com\/1\/wp-json\/wp\/v2\/posts\/68590","targetHints":{"allow":["GET"]}}],"collection":[{"href":"https:\/\/radiokfor.com\/1\/wp-json\/wp\/v2\/posts"}],"about":[{"href":"https:\/\/radiokfor.com\/1\/wp-json\/wp\/v2\/types\/post"}],"author":[{"embeddable":true,"href":"https:\/\/radiokfor.com\/1\/wp-json\/wp\/v2\/users\/3"}],"replies":[{"embeddable":true,"href":"https:\/\/radiokfor.com\/1\/wp-json\/wp\/v2\/comments?post=68590"}],"version-history":[{"count":1,"href":"https:\/\/radiokfor.com\/1\/wp-json\/wp\/v2\/posts\/68590\/revisions"}],"predecessor-version":[{"id":68592,"href":"https:\/\/radiokfor.com\/1\/wp-json\/wp\/v2\/posts\/68590\/revisions\/68592"}],"wp:featuredmedia":[{"embeddable":true,"href":"https:\/\/radiokfor.com\/1\/wp-json\/wp\/v2\/media\/68591"}],"wp:attachment":[{"href":"https:\/\/radiokfor.com\/1\/wp-json\/wp\/v2\/media?parent=68590"}],"wp:term":[{"taxonomy":"category","embeddable":true,"href":"https:\/\/radiokfor.com\/1\/wp-json\/wp\/v2\/categories?post=68590"},{"taxonomy":"post_tag","embeddable":true,"href":"https:\/\/radiokfor.com\/1\/wp-json\/wp\/v2\/tags?post=68590"}],"curies":[{"name":"wp","href":"https:\/\/api.w.org\/{rel}","templated":true}]}}