{"id":68583,"date":"2023-08-30T11:25:12","date_gmt":"2023-08-30T09:25:12","guid":{"rendered":"https:\/\/radiokfor.com\/1\/?p=68583"},"modified":"2023-08-30T11:25:12","modified_gmt":"2023-08-30T09:25:12","slug":"sot-kujtohen-personat-e-zhdukur-me-force","status":"publish","type":"post","link":"https:\/\/radiokfor.com\/1\/sot-kujtohen-personat-e-zhdukur-me-force\/","title":{"rendered":"Sot kujtohen personat e zhdukur me forc\u00eb"},"content":{"rendered":"<p>Data e sotme, 30 gushti, i \u00ebsht\u00eb ndar\u00eb sh\u00ebnimit t\u00eb \u201cDit\u00ebs Nd\u00ebrkomb\u00ebtare t\u00eb t\u00eb Zhdukurve me Forc\u00eb\u201d. N\u00eb k\u00ebt\u00eb dit\u00eb, shoq\u00ebrit\u00eb nga e gjith\u00eb bota kujtojn\u00eb dhe shprehin solidaritetin ndaj atyre q\u00eb jan\u00eb zhdukur me force dhe shprehin mb\u00ebshtetje p\u00ebr familjet e viktimave q\u00eb jan\u00eb p\u00ebrballur me tragjedi t\u00eb tilla.<br \/>\n\u201cDita Nd\u00ebrkomb\u00ebtare e t\u00eb Zhdukurve me Forc\u00eb\u201d sh\u00ebnohet qysh nga viti 1981, kur u sh\u00ebnuan edhe nismat e para t\u00eb familjar\u00ebve dhe organizatave p\u00ebr personat e zhdukur me forc\u00eb n\u00eb \u00e7far\u00ebdo rrethane, p\u00ebr t\u00eb kujtuar viktimat dhe mb\u00ebshtetur familjar\u00ebt.<\/p>\n<p>Q\u00eb nga ajo koh\u00eb, kjo dit\u00eb \u00ebsht\u00eb shnd\u00ebrruar n\u00eb nj\u00eb dit\u00eb simbolike e p\u00ebrkujtimit dhe nd\u00ebrgjegj\u00ebsimi p\u00ebr sfidat e t\u00eb zhdukurve me forc\u00eb dhe p\u00ebr t\u00eb ndihmuar n\u00eb zbulimin e fatit t\u00eb tyre. \u201cDita Nd\u00ebrkomb\u00ebtare e t\u00eb Zhdukurve me Forc\u00eb\u201d \u00ebsht\u00eb nj\u00eb mund\u00ebsi p\u00ebr t\u00eb ngritur z\u00ebrin dhe p\u00ebr t\u00eb nxitur autoritetet p\u00ebrgjegj\u00ebse q\u00eb zbulojn\u00eb krimet dhe t\u00eb nd\u00ebshkojn\u00eb p\u00ebrgjegj\u00ebsit.<\/p>\n<p>Nd\u00ebrsa sh\u00ebnojm\u00eb \u201cDit\u00ebn Nd\u00ebrkomb\u00ebtare t\u00eb t\u00eb Zhdukurve me Forc\u00eb\u201d, \u00ebsht\u00eb thelb\u00ebsore t\u00eb reflektojm\u00eb mbi pasojat e k\u00ebtij akti barbar dhe t\u00eb mb\u00ebshtesim p\u00ebrpjekjet p\u00ebr t\u00eb garantuar se histori t\u00eb tilla t\u00eb trishta t\u00eb mos p\u00ebrs\u00ebriten askund. Kujtimi dhe nd\u00ebrgjegj\u00ebsimi jan\u00eb hapat e par\u00eb drejt drejt\u00ebsis\u00eb dhe drejt nj\u00eb bot\u00eb ku nuk ka vend p\u00ebr zhdukje t\u00eb pad\u00ebshiruara dhe padrejt\u00ebsi t\u00eb pafundme.<\/p>\n","protected":false},"excerpt":{"rendered":"<p>Data e sotme, 30 gushti, i \u00ebsht\u00eb ndar\u00eb sh\u00ebnimit t\u00eb \u201cDit\u00ebs Nd\u00ebrkomb\u00ebtare t\u00eb t\u00eb Zhdukurve me Forc\u00eb\u201d. N\u00eb k\u00ebt\u00eb dit\u00eb, shoq\u00ebrit\u00eb nga e gjith\u00eb bota kujtojn\u00eb dhe shprehin solidaritetin ndaj atyre q\u00eb jan\u00eb zhdukur me force dhe shprehin mb\u00ebshtetje p\u00ebr familjet e viktimave q\u00eb jan\u00eb p\u00ebrballur me tragjedi t\u00eb tilla. \u201cDita Nd\u00ebrkomb\u00ebtare e t\u00eb Zhdukurve&hellip;<\/p>\n","protected":false},"author":3,"featured_media":68584,"comment_status":"closed","ping_status":"closed","sticky":false,"template":"","format":"standard","meta":{"_monsterinsights_skip_tracking":false,"_monsterinsights_sitenote_active":false,"_monsterinsights_sitenote_note":"","_monsterinsights_sitenote_category":0,"footnotes":""},"categories":[2],"tags":[],"class_list":["post-68583","post","type-post","status-publish","format-standard","has-post-thumbnail","hentry","category-news","category-2","description-off"],"_links":{"self":[{"href":"https:\/\/radiokfor.com\/1\/wp-json\/wp\/v2\/posts\/68583","targetHints":{"allow":["GET"]}}],"collection":[{"href":"https:\/\/radiokfor.com\/1\/wp-json\/wp\/v2\/posts"}],"about":[{"href":"https:\/\/radiokfor.com\/1\/wp-json\/wp\/v2\/types\/post"}],"author":[{"embeddable":true,"href":"https:\/\/radiokfor.com\/1\/wp-json\/wp\/v2\/users\/3"}],"replies":[{"embeddable":true,"href":"https:\/\/radiokfor.com\/1\/wp-json\/wp\/v2\/comments?post=68583"}],"version-history":[{"count":1,"href":"https:\/\/radiokfor.com\/1\/wp-json\/wp\/v2\/posts\/68583\/revisions"}],"predecessor-version":[{"id":68585,"href":"https:\/\/radiokfor.com\/1\/wp-json\/wp\/v2\/posts\/68583\/revisions\/68585"}],"wp:featuredmedia":[{"embeddable":true,"href":"https:\/\/radiokfor.com\/1\/wp-json\/wp\/v2\/media\/68584"}],"wp:attachment":[{"href":"https:\/\/radiokfor.com\/1\/wp-json\/wp\/v2\/media?parent=68583"}],"wp:term":[{"taxonomy":"category","embeddable":true,"href":"https:\/\/radiokfor.com\/1\/wp-json\/wp\/v2\/categories?post=68583"},{"taxonomy":"post_tag","embeddable":true,"href":"https:\/\/radiokfor.com\/1\/wp-json\/wp\/v2\/tags?post=68583"}],"curies":[{"name":"wp","href":"https:\/\/api.w.org\/{rel}","templated":true}]}}