{"id":68397,"date":"2023-08-03T06:02:30","date_gmt":"2023-08-03T04:02:30","guid":{"rendered":"https:\/\/radiokfor.com\/1\/?p=68397"},"modified":"2023-08-02T16:05:27","modified_gmt":"2023-08-02T14:05:27","slug":"ciceroni-kulturor-2","status":"publish","type":"post","link":"https:\/\/radiokfor.com\/1\/ciceroni-kulturor-2\/","title":{"rendered":"Ciceroni kulturor"},"content":{"rendered":"<p>Muaji gusht, qysh n\u00eb dit\u00ebt e para, po shfaqet shum\u00eb premtues p\u00ebr t\u00eb qen\u00eb nj\u00eb nga muajt m\u00eb t\u00eb paharruar, p\u00ebr sa i p\u00ebrket aktiviteteve t\u00eb shumta q\u00eb do t\u00eb mbahen n\u00eb vendin ton\u00eb.<\/p>\n<p>Duke filluar nga nes\u00ebr, 4 gusht, Prizreni do t\u00eb jet\u00eb qendra e filmit, pasi mir\u00ebpret edicionin e 22-t\u00eb t\u00eb \u201cFestivalit Nd\u00ebrkomb\u00ebtar t\u00eb Filmit Dokumentar dhe t\u00eb Shkurt\u00ebr\u201d- DokuFest. N\u00eb k\u00ebt\u00eb edicion, DokuFest-i do t\u00eb shfaq\u00eb 104 filma n\u00eb tet\u00eb kategori konkurruese, me 481 filma nga 111 vende t\u00eb ndryshme, t\u00eb cil\u00ebt kan\u00eb aplikuar p\u00ebr pjes\u00ebmarrje n\u00eb k\u00ebt\u00eb festival. Edicioni i 22-t\u00eb i \u201cDokuFestit\u201d, do t\u00eb mbahet nga data 4 deri m\u00eb 12 gusht, 2023, n\u00eb Prizren.<\/p>\n<p>Nj\u00eb festival tjet\u00ebr q\u00eb na vjen n\u00eb k\u00ebt\u00eb fillim gusht, \u00ebsht\u00eb edhe \u2018GremFest\u2019, festival ky q\u00eb mbahet n\u00eb Gremnik, t\u00eb Klin\u00ebs dhe sivjet po sh\u00ebnon edicionin e tret\u00eb me radh\u00eb. Me moton \u201cEjani t\u00eb pim\u00eb dhe t\u00eb arg\u00ebtohemi\u201d, kjo ngjarje do t\u00eb ju ofroj\u00eb birra natyrale, muzik\u00eb t\u00eb mir\u00eb dhe nj\u00eb ambient fantastik. \u2018GremFest\u2019 mbahet n\u00eb datat 4 dhe 5 gusht.<\/p>\n<p>Po m\u00eb 4 gusht, n\u00eb ambientin e \u2018Bear Sanctuary Prishtina\u2019 apo n\u00eb Pyllin e Arinjve, fillon \u201cFundjava e Diaspor\u00ebs\u201d, e cila do t\u00eb zgjas\u00eb deri m\u00eb 6 gusht, nd\u00ebrsa do t\u00eb sjell\u00eb aktivitete t\u00eb shumta p\u00ebr f\u00ebmij\u00eb, net dedikuar filmit dhe mbr\u00ebmje muzikore.<\/p>\n<p>Edhe qyteti i Gjilanit do t\u00eb ofroj\u00eb aktivitete t\u00eb shumta p\u00ebrgjat\u00eb muajit gusht, filluar me \u201cAngros Festival &#8211; 6\u201d q\u00eb do t\u00eb mbahet nga data 4 deri m\u00eb 6 gusht. \u00a0Muzika elektrizuese p\u00ebrmes \u201cNat\u00ebs Elektronike&#8217;, pastaj &#8216;Angros Kids&#8217; dedikuar f\u00ebmij\u00ebve dhe shfaqjes s\u00eb filmi, jan\u00eb k\u00ebto vet\u00ebm disa nga aktivitetet q\u00eb vijn\u00eb n\u00eb kuad\u00ebr t\u00eb \u201cAngros Festival &#8211; 6\u201d, q\u00eb sivjet do t\u00eb mbahet tek platoja e Teatrit, n\u00eb Gjilan.<\/p>\n<p>Nd\u00ebrkoh\u00eb, n\u00eb datat 5 dhe 6 gusht, Krusha e Madhe mir\u00ebpret festivalin \u201cAgroFesta\u201d.<br \/>\nFestivali tradicional i perimekultur\u00ebs \u201cAgroFesta\u201d, \u00ebsht\u00eb fest\u00eb e cila ka p\u00ebr q\u00ebllim promovimin e prodhimeve bujq\u00ebsore q\u00eb mbahet n\u00eb Krush\u00eb t\u00eb Madhe. N\u00eb k\u00ebt\u00eb fest\u00eb, bujqit pun\u00ebtor\u00eb t\u00eb k\u00ebsaj treve, ekspozojn\u00eb prodhimet bujq\u00ebsore si dhe trash\u00ebgimin\u00eb kulturore t\u00eb komun\u00ebs s\u00eb Rahovecit.<\/p>\n","protected":false},"excerpt":{"rendered":"<p>Muaji gusht, qysh n\u00eb dit\u00ebt e para, po shfaqet shum\u00eb premtues p\u00ebr t\u00eb qen\u00eb nj\u00eb nga muajt m\u00eb t\u00eb paharruar, p\u00ebr sa i p\u00ebrket aktiviteteve t\u00eb shumta q\u00eb do t\u00eb mbahen n\u00eb vendin ton\u00eb. Duke filluar nga nes\u00ebr, 4 gusht, Prizreni do t\u00eb jet\u00eb qendra e filmit, pasi mir\u00ebpret edicionin e 22-t\u00eb t\u00eb \u201cFestivalit Nd\u00ebrkomb\u00ebtar&hellip;<\/p>\n","protected":false},"author":3,"featured_media":68398,"comment_status":"closed","ping_status":"closed","sticky":false,"template":"","format":"standard","meta":{"_monsterinsights_skip_tracking":false,"_monsterinsights_sitenote_active":false,"_monsterinsights_sitenote_note":"","_monsterinsights_sitenote_category":0,"footnotes":""},"categories":[2],"tags":[],"class_list":["post-68397","post","type-post","status-publish","format-standard","has-post-thumbnail","hentry","category-news","category-2","description-off"],"_links":{"self":[{"href":"https:\/\/radiokfor.com\/1\/wp-json\/wp\/v2\/posts\/68397","targetHints":{"allow":["GET"]}}],"collection":[{"href":"https:\/\/radiokfor.com\/1\/wp-json\/wp\/v2\/posts"}],"about":[{"href":"https:\/\/radiokfor.com\/1\/wp-json\/wp\/v2\/types\/post"}],"author":[{"embeddable":true,"href":"https:\/\/radiokfor.com\/1\/wp-json\/wp\/v2\/users\/3"}],"replies":[{"embeddable":true,"href":"https:\/\/radiokfor.com\/1\/wp-json\/wp\/v2\/comments?post=68397"}],"version-history":[{"count":1,"href":"https:\/\/radiokfor.com\/1\/wp-json\/wp\/v2\/posts\/68397\/revisions"}],"predecessor-version":[{"id":68399,"href":"https:\/\/radiokfor.com\/1\/wp-json\/wp\/v2\/posts\/68397\/revisions\/68399"}],"wp:featuredmedia":[{"embeddable":true,"href":"https:\/\/radiokfor.com\/1\/wp-json\/wp\/v2\/media\/68398"}],"wp:attachment":[{"href":"https:\/\/radiokfor.com\/1\/wp-json\/wp\/v2\/media?parent=68397"}],"wp:term":[{"taxonomy":"category","embeddable":true,"href":"https:\/\/radiokfor.com\/1\/wp-json\/wp\/v2\/categories?post=68397"},{"taxonomy":"post_tag","embeddable":true,"href":"https:\/\/radiokfor.com\/1\/wp-json\/wp\/v2\/tags?post=68397"}],"curies":[{"name":"wp","href":"https:\/\/api.w.org\/{rel}","templated":true}]}}