{"id":68282,"date":"2023-07-27T14:53:23","date_gmt":"2023-07-27T12:53:23","guid":{"rendered":"https:\/\/radiokfor.com\/1\/?p=68282"},"modified":"2023-07-27T14:58:22","modified_gmt":"2023-07-27T12:58:22","slug":"neser-fillon-festivali-meeting-of-styles-me-arte-murale-qe-do-te-zbukurojne-prishtinen","status":"publish","type":"post","link":"https:\/\/radiokfor.com\/1\/neser-fillon-festivali-meeting-of-styles-me-arte-murale-qe-do-te-zbukurojne-prishtinen\/","title":{"rendered":"Nes\u00ebr fillon festivali \u2018Meeting of Styles\u2019, me arte murale q\u00eb do t\u00eb zbukurojn\u00eb Prishtin\u00ebn"},"content":{"rendered":"<p>Festivali \u2018International Meeting Of Styles\u2019, \u00ebsht\u00eb i p\u00ebrb\u00ebr\u00eb nga nj\u00eb rrjet nd\u00ebrkomb\u00ebtar\u00eb i artist\u00ebve dhe admiruesve t\u00eb Grafitit, q\u00eb filloi n\u00eb Wiesbaden, t\u00eb Gjermanis\u00eb n\u00eb vitin 2002. Ky festival tashm\u00eb ka gjetur sht\u00ebpi edhe n\u00eb Prishtin\u00eb, duke b\u00ebr\u00eb bashk\u00eb komunitetin nd\u00ebrkomb\u00ebtar e vendor t\u00eb artit mural dhe duke u kthyer n\u00eb nj\u00eb ur\u00eb lidh\u00ebse t\u00eb shk\u00ebmbimeve kulturore.<\/p>\n<p>Edhe k\u00ebt\u00eb vit, Festivali i artit mural \u2018Meeting of Styles\u2019, nga nes\u00ebr (28.07) deri me 30 korrik, pritet t\u00eb sjell n\u00eb Prishtin\u00eb n\u00eb hap\u00ebsirat e muraleve, artin urban nga artist\u00eb t\u00eb njohur vendor e nd\u00ebrkomb\u00ebtar.<\/p>\n<p>Festivali n\u00eb fjal\u00eb, k\u00ebt\u00eb vit sh\u00ebnon edicionin e shtat\u00eb me radh\u00eb dhe sipas organizator\u00ebve ka p\u00ebr q\u00ebllim t\u00eb krijoj nj\u00eb forum p\u00ebr komunitetin nd\u00ebrkomb\u00ebtar\u00eb t\u00eb artit, p\u00ebr t\u00eb komunikuar, p\u00ebr t\u00eb mbledhur dhe p\u00ebr t\u00eb shk\u00ebmbyer ide, pun\u00eb dhe aft\u00ebsi si dhe nj\u00eb podium q\u00eb prezanton t\u00eb gjitha llojet e ndryshme t\u00eb artit urban.<\/p>\n<p>Gjat\u00eb punimit t\u00eb grafiteve q\u00eb do t\u00eb punohen nga artist\u00ebt, do t\u00eb ket\u00eb edhe DJ t\u00eb njohur, t\u00eb cil\u00ebt do t\u00eb jen\u00eb pjes\u00ebmarr\u00ebs gjat\u00eb 3 dit\u00ebve, sa edhe do t\u00eb zgjas\u00eb festivali.<\/p>\n","protected":false},"excerpt":{"rendered":"<p>Festivali \u2018International Meeting Of Styles\u2019, \u00ebsht\u00eb i p\u00ebrb\u00ebr\u00eb nga nj\u00eb rrjet nd\u00ebrkomb\u00ebtar\u00eb i artist\u00ebve dhe admiruesve t\u00eb Grafitit, q\u00eb filloi n\u00eb Wiesbaden, t\u00eb Gjermanis\u00eb n\u00eb vitin 2002. Ky festival tashm\u00eb ka gjetur sht\u00ebpi edhe n\u00eb Prishtin\u00eb, duke b\u00ebr\u00eb bashk\u00eb komunitetin nd\u00ebrkomb\u00ebtar e vendor t\u00eb artit mural dhe duke u kthyer n\u00eb nj\u00eb ur\u00eb lidh\u00ebse t\u00eb&hellip;<\/p>\n","protected":false},"author":3,"featured_media":68283,"comment_status":"closed","ping_status":"closed","sticky":false,"template":"","format":"standard","meta":{"_monsterinsights_skip_tracking":false,"_monsterinsights_sitenote_active":false,"_monsterinsights_sitenote_note":"","_monsterinsights_sitenote_category":0,"footnotes":""},"categories":[2],"tags":[],"class_list":["post-68282","post","type-post","status-publish","format-standard","has-post-thumbnail","hentry","category-news","category-2","description-off"],"_links":{"self":[{"href":"https:\/\/radiokfor.com\/1\/wp-json\/wp\/v2\/posts\/68282","targetHints":{"allow":["GET"]}}],"collection":[{"href":"https:\/\/radiokfor.com\/1\/wp-json\/wp\/v2\/posts"}],"about":[{"href":"https:\/\/radiokfor.com\/1\/wp-json\/wp\/v2\/types\/post"}],"author":[{"embeddable":true,"href":"https:\/\/radiokfor.com\/1\/wp-json\/wp\/v2\/users\/3"}],"replies":[{"embeddable":true,"href":"https:\/\/radiokfor.com\/1\/wp-json\/wp\/v2\/comments?post=68282"}],"version-history":[{"count":3,"href":"https:\/\/radiokfor.com\/1\/wp-json\/wp\/v2\/posts\/68282\/revisions"}],"predecessor-version":[{"id":68286,"href":"https:\/\/radiokfor.com\/1\/wp-json\/wp\/v2\/posts\/68282\/revisions\/68286"}],"wp:featuredmedia":[{"embeddable":true,"href":"https:\/\/radiokfor.com\/1\/wp-json\/wp\/v2\/media\/68283"}],"wp:attachment":[{"href":"https:\/\/radiokfor.com\/1\/wp-json\/wp\/v2\/media?parent=68282"}],"wp:term":[{"taxonomy":"category","embeddable":true,"href":"https:\/\/radiokfor.com\/1\/wp-json\/wp\/v2\/categories?post=68282"},{"taxonomy":"post_tag","embeddable":true,"href":"https:\/\/radiokfor.com\/1\/wp-json\/wp\/v2\/tags?post=68282"}],"curies":[{"name":"wp","href":"https:\/\/api.w.org\/{rel}","templated":true}]}}