{"id":68264,"date":"2023-07-30T06:05:01","date_gmt":"2023-07-30T04:05:01","guid":{"rendered":"https:\/\/radiokfor.com\/1\/?p=68264"},"modified":"2023-07-31T17:00:09","modified_gmt":"2023-07-31T15:00:09","slug":"rendesia-e-miqesise-dhe-marredhenieve-te-mira-midis-individeve-komuniteteve-dhe-vendeve","status":"publish","type":"post","link":"https:\/\/radiokfor.com\/1\/rendesia-e-miqesise-dhe-marredhenieve-te-mira-midis-individeve-komuniteteve-dhe-vendeve\/","title":{"rendered":"R\u00ebnd\u00ebsia e miq\u00ebsis\u00eb dhe marr\u00ebdh\u00ebnieve t\u00eb mira midis individ\u00ebve, komuniteteve dhe vendeve"},"content":{"rendered":"<p>\u00c7do 30 korrik, festojm\u00eb \u2018Dit\u00ebn Nd\u00ebrkomb\u00ebtare t\u00eb Miq\u00ebsis\u00eb\u2019, e cila ka p\u00ebr q\u00ebllim t\u00eb promovoj nd\u00ebrtimin e lidhjeve t\u00eb v\u00ebrteta dhe njohjen e diversitetit kulturor. Miq\u00ebsia &#8211; nj\u00eb forc\u00eb e paqes dhe harmonis\u00eb, na bashkon dhe na b\u00ebn t\u00eb ndihemi t\u00eb p\u00ebrkrahur. N\u00eb k\u00ebt\u00eb dit\u00eb, inkurajohemi t\u00eb kultivojm\u00eb miq\u00ebsi, t\u00eb veprojm\u00eb me mir\u00ebsi dhe t\u00eb shfryt\u00ebzojm\u00eb teknologjin\u00eb p\u00ebr t\u00eb p\u00ebrmbysur ndarjet shoq\u00ebrore.<\/p>\n<p>Jan\u00eb miqt\u00eb e mir\u00eb, ata q\u00eb krijojn\u00eb mund\u00ebsi t\u00eb reja p\u00ebr ne dhe ata q\u00eb na gjenden pran\u00eb, n\u00eb t\u00eb gjitha momentet e r\u00ebnd\u00ebsishme t\u00eb jet\u00ebs son\u00eb, qeshin me ne, qajn\u00eb me ne dhe krijojm\u00eb momente t\u00eb paharruara. \u00cbsht\u00eb fat i madh p\u00ebr njer\u00ebzit q\u00eb ruajn\u00eb dhe kultivojn\u00eb miq\u00ebsi t\u00eb tilla, t\u00eb sh\u00ebndosha.<\/p>\n<p>\u2018\u2019Dita Nd\u00ebrkomb\u00ebtare e Miq\u00ebsis\u00eb\u2019\u2019 u krijua nga Kombet e Bashkuara (OKB), p\u00ebr t\u00eb promovuar rolin q\u00eb luan miq\u00ebsia n\u00eb promovimin e paqes, n\u00eb shum\u00eb kultura.<\/p>\n<p>Sh\u00ebnimi i k\u00ebsaj dite, mund t\u00eb ndihmoj\u00eb n\u00eb t\u00ebrheqjen e v\u00ebmendjes ndaj sfidave globale t\u00eb p\u00ebrbashk\u00ebta, si ndryshimet klimatike, pandemit\u00eb, varf\u00ebria dhe shkat\u00ebrrimet natyrore. Bashk\u00ebpunimi dhe miq\u00ebsia n\u00eb mes t\u00eb shteteve t\u00eb ndryshme, ndihmojn\u00eb n\u00eb gjetjen e zgjidhjeve dhe p\u00ebrpjekjeve t\u00eb p\u00ebrbashk\u00ebta p\u00ebr k\u00ebto sfida.<\/p>\n","protected":false},"excerpt":{"rendered":"<p>\u00c7do 30 korrik, festojm\u00eb \u2018Dit\u00ebn Nd\u00ebrkomb\u00ebtare t\u00eb Miq\u00ebsis\u00eb\u2019, e cila ka p\u00ebr q\u00ebllim t\u00eb promovoj nd\u00ebrtimin e lidhjeve t\u00eb v\u00ebrteta dhe njohjen e diversitetit kulturor. Miq\u00ebsia &#8211; nj\u00eb forc\u00eb e paqes dhe harmonis\u00eb, na bashkon dhe na b\u00ebn t\u00eb ndihemi t\u00eb p\u00ebrkrahur. N\u00eb k\u00ebt\u00eb dit\u00eb, inkurajohemi t\u00eb kultivojm\u00eb miq\u00ebsi, t\u00eb veprojm\u00eb me mir\u00ebsi dhe t\u00eb&hellip;<\/p>\n","protected":false},"author":3,"featured_media":68351,"comment_status":"closed","ping_status":"closed","sticky":false,"template":"","format":"standard","meta":{"_monsterinsights_skip_tracking":false,"_monsterinsights_sitenote_active":false,"_monsterinsights_sitenote_note":"","_monsterinsights_sitenote_category":0,"footnotes":""},"categories":[2],"tags":[],"class_list":["post-68264","post","type-post","status-publish","format-standard","has-post-thumbnail","hentry","category-news","category-2","description-off"],"_links":{"self":[{"href":"https:\/\/radiokfor.com\/1\/wp-json\/wp\/v2\/posts\/68264","targetHints":{"allow":["GET"]}}],"collection":[{"href":"https:\/\/radiokfor.com\/1\/wp-json\/wp\/v2\/posts"}],"about":[{"href":"https:\/\/radiokfor.com\/1\/wp-json\/wp\/v2\/types\/post"}],"author":[{"embeddable":true,"href":"https:\/\/radiokfor.com\/1\/wp-json\/wp\/v2\/users\/3"}],"replies":[{"embeddable":true,"href":"https:\/\/radiokfor.com\/1\/wp-json\/wp\/v2\/comments?post=68264"}],"version-history":[{"count":1,"href":"https:\/\/radiokfor.com\/1\/wp-json\/wp\/v2\/posts\/68264\/revisions"}],"predecessor-version":[{"id":68265,"href":"https:\/\/radiokfor.com\/1\/wp-json\/wp\/v2\/posts\/68264\/revisions\/68265"}],"wp:featuredmedia":[{"embeddable":true,"href":"https:\/\/radiokfor.com\/1\/wp-json\/wp\/v2\/media\/68351"}],"wp:attachment":[{"href":"https:\/\/radiokfor.com\/1\/wp-json\/wp\/v2\/media?parent=68264"}],"wp:term":[{"taxonomy":"category","embeddable":true,"href":"https:\/\/radiokfor.com\/1\/wp-json\/wp\/v2\/categories?post=68264"},{"taxonomy":"post_tag","embeddable":true,"href":"https:\/\/radiokfor.com\/1\/wp-json\/wp\/v2\/tags?post=68264"}],"curies":[{"name":"wp","href":"https:\/\/api.w.org\/{rel}","templated":true}]}}