{"id":68261,"date":"2023-07-27T06:01:30","date_gmt":"2023-07-27T04:01:30","guid":{"rendered":"https:\/\/radiokfor.com\/1\/?p=68261"},"modified":"2023-07-27T14:04:13","modified_gmt":"2023-07-27T12:04:13","slug":"pranimi-dhe-perdorimi-i-teknologjise-ne-fusha-te-ndryshme","status":"publish","type":"post","link":"https:\/\/radiokfor.com\/1\/pranimi-dhe-perdorimi-i-teknologjise-ne-fusha-te-ndryshme\/","title":{"rendered":"Pranimi dhe p\u00ebrdorimi i teknologjis\u00eb n\u00eb fusha t\u00eb ndryshme"},"content":{"rendered":"<p>\u00c7do vit n\u00eb korrik, festohet \u2018Dita Nd\u00ebrkomb\u00ebtare e Profesionist\u00ebve t\u00eb Pranimit Digjital\u2019. Kjo dit\u00eb nderon p\u00ebrpjekjet e profesionist\u00ebve digjital, t\u00eb cil\u00ebt ndihmojn\u00eb n\u00eb avancimin dhe p\u00ebrdorimin e teknologjis\u00eb n\u00eb t\u00eb gjitha sferat e shoq\u00ebris\u00eb ton\u00eb. N\u00eb nj\u00eb bot\u00eb gjithnj\u00eb e m\u00eb t\u00eb digjitalizuar, \u00ebsht\u00eb e r\u00ebnd\u00ebsishme t\u00eb promovohet pranimi dhe p\u00ebrdorimi i teknologjis\u00eb n\u00eb fusha t\u00eb ndryshme t\u00eb jet\u00ebs dhe t\u00eb biznesit.<\/p>\n<p>Profesionist\u00ebt e pranimit digjital luajn\u00eb nj\u00eb rol ky\u00e7, n\u00eb p\u00ebrshtatjen dhe shfryt\u00ebzimin e teknologjis\u00eb kudo n\u00eb bot\u00eb. Ata ndihmojn\u00eb n\u00eb zhvillimin e aplikacioneve dhe platformave inovative, p\u00ebrmir\u00ebsojn\u00eb sh\u00ebrbimet publike dhe ndryshojn\u00eb m\u00ebnyr\u00ebn se si komunikojm\u00eb dhe punojm\u00eb. Me p\u00ebrkushtim dhe aft\u00ebsi, ata krijojn\u00eb rrug\u00eb t\u00eb reja p\u00ebr t\u00eb arritur progresin dhe zhvillimin n\u00eb shoq\u00ebrit\u00eb ku jetojn\u00eb.<\/p>\n<p>Prandaj, \u2018Dita Nd\u00ebrkomb\u00ebtare e Profesionist\u00ebve t\u00eb Pranimit Digjital\u2019 ka p\u00ebr q\u00ebllim t\u00eb edukoj\u00eb njer\u00ebzit procesit t\u00eb \u00a0r\u00ebnd\u00ebsish\u00ebm p\u00ebr t&#8217;u p\u00ebrballur me sfidat dhe p\u00ebr t\u00eb arritur p\u00ebrparim n\u00eb nj\u00eb bot\u00eb ku teknologjia ka sjell\u00eb ndryshime radikale n\u00eb m\u00ebnyr\u00ebn se si jetojm\u00eb, punojm\u00eb, dhe kalojm\u00eb koh\u00ebn ton\u00eb.<\/p>\n","protected":false},"excerpt":{"rendered":"<p>\u00c7do vit n\u00eb korrik, festohet \u2018Dita Nd\u00ebrkomb\u00ebtare e Profesionist\u00ebve t\u00eb Pranimit Digjital\u2019. Kjo dit\u00eb nderon p\u00ebrpjekjet e profesionist\u00ebve digjital, t\u00eb cil\u00ebt ndihmojn\u00eb n\u00eb avancimin dhe p\u00ebrdorimin e teknologjis\u00eb n\u00eb t\u00eb gjitha sferat e shoq\u00ebris\u00eb ton\u00eb. N\u00eb nj\u00eb bot\u00eb gjithnj\u00eb e m\u00eb t\u00eb digjitalizuar, \u00ebsht\u00eb e r\u00ebnd\u00ebsishme t\u00eb promovohet pranimi dhe p\u00ebrdorimi i teknologjis\u00eb n\u00eb fusha&hellip;<\/p>\n","protected":false},"author":3,"featured_media":68262,"comment_status":"closed","ping_status":"closed","sticky":false,"template":"","format":"standard","meta":{"_monsterinsights_skip_tracking":false,"_monsterinsights_sitenote_active":false,"_monsterinsights_sitenote_note":"","_monsterinsights_sitenote_category":0,"footnotes":""},"categories":[2],"tags":[],"class_list":["post-68261","post","type-post","status-publish","format-standard","has-post-thumbnail","hentry","category-news","category-2","description-off"],"_links":{"self":[{"href":"https:\/\/radiokfor.com\/1\/wp-json\/wp\/v2\/posts\/68261","targetHints":{"allow":["GET"]}}],"collection":[{"href":"https:\/\/radiokfor.com\/1\/wp-json\/wp\/v2\/posts"}],"about":[{"href":"https:\/\/radiokfor.com\/1\/wp-json\/wp\/v2\/types\/post"}],"author":[{"embeddable":true,"href":"https:\/\/radiokfor.com\/1\/wp-json\/wp\/v2\/users\/3"}],"replies":[{"embeddable":true,"href":"https:\/\/radiokfor.com\/1\/wp-json\/wp\/v2\/comments?post=68261"}],"version-history":[{"count":2,"href":"https:\/\/radiokfor.com\/1\/wp-json\/wp\/v2\/posts\/68261\/revisions"}],"predecessor-version":[{"id":68275,"href":"https:\/\/radiokfor.com\/1\/wp-json\/wp\/v2\/posts\/68261\/revisions\/68275"}],"wp:featuredmedia":[{"embeddable":true,"href":"https:\/\/radiokfor.com\/1\/wp-json\/wp\/v2\/media\/68262"}],"wp:attachment":[{"href":"https:\/\/radiokfor.com\/1\/wp-json\/wp\/v2\/media?parent=68261"}],"wp:term":[{"taxonomy":"category","embeddable":true,"href":"https:\/\/radiokfor.com\/1\/wp-json\/wp\/v2\/categories?post=68261"},{"taxonomy":"post_tag","embeddable":true,"href":"https:\/\/radiokfor.com\/1\/wp-json\/wp\/v2\/tags?post=68261"}],"curies":[{"name":"wp","href":"https:\/\/api.w.org\/{rel}","templated":true}]}}