{"id":68005,"date":"2023-07-30T06:06:01","date_gmt":"2023-07-30T04:06:01","guid":{"rendered":"https:\/\/radiokfor.com\/1\/?p=68005"},"modified":"2023-06-27T09:51:07","modified_gmt":"2023-06-27T07:51:07","slug":"ndergjegjesim-dhe-angazhim-global-per-te-luftuar-dhe-eliminuar-trafikimin-me-qenie-njerezore","status":"publish","type":"post","link":"https:\/\/radiokfor.com\/1\/ndergjegjesim-dhe-angazhim-global-per-te-luftuar-dhe-eliminuar-trafikimin-me-qenie-njerezore\/","title":{"rendered":"Nd\u00ebrgjegj\u00ebsim dhe angazhim global p\u00ebr t\u00eb luftuar dhe eliminuar trafikimin me qenie njer\u00ebzore"},"content":{"rendered":"<p><em>\u201cArrini tek \u00e7do viktim\u00eb e trafikimit, mos e lini asnj\u00eb pas\u201d<\/em>, kjo \u00ebsht\u00eb motoja e \u201cDit\u00ebs Bot\u00ebrore kund\u00ebr Trafikimit t\u00eb Qenieve Njer\u00ebzore\u201d e cila sh\u00ebnohet sot (30 korrik), e miratuar nga Asambleja e P\u00ebrgjithshme e Kombeve t\u00eb Bashkuara, n\u00eb vitin 2013.<\/p>\n<p>Krizat globale, konfliktet dhe urgjenca klimatike po p\u00ebrshkall\u00ebzojn\u00eb rreziqet e trafikimit me qenie njer\u00ebzore. Zhvendosja dhe pabarazit\u00eb socio-ekonomike po prekin miliona njer\u00ebz n\u00eb mbar\u00eb bot\u00ebn, duke i l\u00ebn\u00eb ata t\u00eb pambrojtur ndaj shfryt\u00ebzimit nga trafikant\u00ebt teka ata q\u00eb nuk kan\u00eb status ligjor, jetojn\u00eb n\u00eb varf\u00ebri, kan\u00eb qasje t\u00eb kufizuar n\u00eb arsim, p\u00ebrballen me diskriminim, dhun\u00eb ose abuzim.<\/p>\n<p>Prandaj, fushata e caktuar p\u00ebr \u201cDit\u00ebn Bot\u00ebrore Kund\u00ebr Trafikimit t\u00eb Njer\u00ebzve\u201d, synon t\u00eb rris\u00eb nd\u00ebrgjegj\u00ebsimin p\u00ebr k\u00ebt\u00eb dukuri dhe n\u00eb k\u00ebt\u00eb m\u00ebnyr\u00eb t\u00eb shtyhet v\u00ebmendja drejt atyre q\u00eb mund t\u00eb b\u00ebjn\u00eb ndryshim, n\u00eb drejtim t\u00eb ndryshimit t\u00eb politikave dhe menaxhimit t\u00eb burimeve komb\u00ebtare p\u00ebr t\u00eb forcuar masat parandaluese, p\u00ebr t\u00eb p\u00ebrmir\u00ebsuar identifikimin e viktimave, p\u00ebr t\u00eb rritur mb\u00ebshtetjen e t\u00eb mbijetuarve dhe p\u00ebr t&#8217;i dh\u00ebn\u00eb fund mosnd\u00ebshkimit.<\/p>\n","protected":false},"excerpt":{"rendered":"<p>\u201cArrini tek \u00e7do viktim\u00eb e trafikimit, mos e lini asnj\u00eb pas\u201d, kjo \u00ebsht\u00eb motoja e \u201cDit\u00ebs Bot\u00ebrore kund\u00ebr Trafikimit t\u00eb Qenieve Njer\u00ebzore\u201d e cila sh\u00ebnohet sot (30 korrik), e miratuar nga Asambleja e P\u00ebrgjithshme e Kombeve t\u00eb Bashkuara, n\u00eb vitin 2013. Krizat globale, konfliktet dhe urgjenca klimatike po p\u00ebrshkall\u00ebzojn\u00eb rreziqet e trafikimit me qenie njer\u00ebzore.&hellip;<\/p>\n","protected":false},"author":3,"featured_media":68006,"comment_status":"closed","ping_status":"closed","sticky":false,"template":"","format":"standard","meta":{"_monsterinsights_skip_tracking":false,"_monsterinsights_sitenote_active":false,"_monsterinsights_sitenote_note":"","_monsterinsights_sitenote_category":0,"footnotes":""},"categories":[2],"tags":[],"class_list":["post-68005","post","type-post","status-publish","format-standard","has-post-thumbnail","hentry","category-news","category-2","description-off"],"_links":{"self":[{"href":"https:\/\/radiokfor.com\/1\/wp-json\/wp\/v2\/posts\/68005","targetHints":{"allow":["GET"]}}],"collection":[{"href":"https:\/\/radiokfor.com\/1\/wp-json\/wp\/v2\/posts"}],"about":[{"href":"https:\/\/radiokfor.com\/1\/wp-json\/wp\/v2\/types\/post"}],"author":[{"embeddable":true,"href":"https:\/\/radiokfor.com\/1\/wp-json\/wp\/v2\/users\/3"}],"replies":[{"embeddable":true,"href":"https:\/\/radiokfor.com\/1\/wp-json\/wp\/v2\/comments?post=68005"}],"version-history":[{"count":1,"href":"https:\/\/radiokfor.com\/1\/wp-json\/wp\/v2\/posts\/68005\/revisions"}],"predecessor-version":[{"id":68007,"href":"https:\/\/radiokfor.com\/1\/wp-json\/wp\/v2\/posts\/68005\/revisions\/68007"}],"wp:featuredmedia":[{"embeddable":true,"href":"https:\/\/radiokfor.com\/1\/wp-json\/wp\/v2\/media\/68006"}],"wp:attachment":[{"href":"https:\/\/radiokfor.com\/1\/wp-json\/wp\/v2\/media?parent=68005"}],"wp:term":[{"taxonomy":"category","embeddable":true,"href":"https:\/\/radiokfor.com\/1\/wp-json\/wp\/v2\/categories?post=68005"},{"taxonomy":"post_tag","embeddable":true,"href":"https:\/\/radiokfor.com\/1\/wp-json\/wp\/v2\/tags?post=68005"}],"curies":[{"name":"wp","href":"https:\/\/api.w.org\/{rel}","templated":true}]}}