{"id":67762,"date":"2023-06-08T06:08:28","date_gmt":"2023-06-08T04:08:28","guid":{"rendered":"https:\/\/radiokfor.com\/1\/?p=67762"},"modified":"2023-06-05T15:44:32","modified_gmt":"2023-06-05T13:44:32","slug":"aktivitete-te-shumta-kulturore-do-te-organizohen-edhe-gjate-diteve-ne-vijim","status":"publish","type":"post","link":"https:\/\/radiokfor.com\/1\/aktivitete-te-shumta-kulturore-do-te-organizohen-edhe-gjate-diteve-ne-vijim\/","title":{"rendered":"Aktivitete t\u00eb shumta kulturore do t\u00eb organizohen edhe gjat\u00eb dit\u00ebve n\u00eb vijim"},"content":{"rendered":"<p>Artdash\u00ebs, ngjarjet kulturore q\u00eb mund t\u2019i ndiqni gjat\u00eb dit\u00ebve n\u00eb vazhdim, jan\u00eb t\u00eb shumta, si: shfaqje teatrale, performanca muzikore, panaire dhe shum\u00eb aktivitete t\u00eb tjera.<\/p>\n<p>&#8211; Sot (8 qershor), n\u00eb Teatrin Komb\u00ebtar t\u00eb Kosov\u00ebs, nga ora 20:00, do t\u00eb keni mund\u00ebsi t\u00eb shikoni premier\u00ebn e baletit \u201cCorrer o Fado\u201d, me koreografi nga Daniel Cardoso.<\/p>\n<p>&#8211; Po n\u00eb t\u00eb nj\u00ebjtin vend, m\u00eb 13 qershor, nga ora 20:00, jepet vall\u00ebzimi teatral \u201cMegalomani\u201d, n\u00ebn drejtimin dhe konceptimin e Robert Nuha.<\/p>\n<p>&#8211; Panairi i Librit, i 23-ti me radh\u00eb \u201cPrishtina 2023\u201d, i cili ka filluar m\u00eb 6 qershor, po vazhdon t\u00eb jet\u00eb i hapur p\u00ebr vizitor\u00eb \u00e7do dit\u00eb, nga 9:00-20:00, n\u00eb Pallatin e Rinis\u00eb. Panairi do t\u00eb mbyllet m\u00eb 11 qershor, n\u00eb or\u00ebn 18:00.<\/p>\n<p>&#8211; Po ashtu, \u00ebsht\u00eb njoftuar se festivali &#8220;Hardh Fest&#8221;, k\u00ebt\u00eb vit do t\u00eb mbahet me datat 1,2 dhe 3 shtator. Festivali n\u00eb fjal\u00eb, sipas organizator\u00ebve pritet t\u00eb jet\u00eb spektakolar p\u00ebr faktin se do zhvillohet edhe n\u00eb Prishtin\u00eb.<\/p>\n<p>&#8211; Festivali i par\u00eb n\u00eb Kosov\u00eb i Diellit \u201cSolar Fest Prishtina\u201d, i organizuar nga \u201cAstronomy Club of Prishtina\u201d, do t\u00eb mbahet m\u00eb 21 qershor, nga ora 13:00, n\u00eb Prishtin\u00eb.<\/p>\n<p>&#8211; Nd\u00ebrsa, n\u00eb Teatrin Adriana -Ferizaj, m\u00eb 15 qershor, nga ora 20:00, do t\u00eb mbahet repriza e shfaqjes \u201cVampiria\u201d, n\u00eb regji t\u00eb Ard Islamit.<\/p>\n","protected":false},"excerpt":{"rendered":"<p>Artdash\u00ebs, ngjarjet kulturore q\u00eb mund t\u2019i ndiqni gjat\u00eb dit\u00ebve n\u00eb vazhdim, jan\u00eb t\u00eb shumta, si: shfaqje teatrale, performanca muzikore, panaire dhe shum\u00eb aktivitete t\u00eb tjera. &#8211; Sot (8 qershor), n\u00eb Teatrin Komb\u00ebtar t\u00eb Kosov\u00ebs, nga ora 20:00, do t\u00eb keni mund\u00ebsi t\u00eb shikoni premier\u00ebn e baletit \u201cCorrer o Fado\u201d, me koreografi nga Daniel Cardoso. &#8211;&hellip;<\/p>\n","protected":false},"author":3,"featured_media":67763,"comment_status":"closed","ping_status":"closed","sticky":false,"template":"","format":"standard","meta":{"_monsterinsights_skip_tracking":false,"_monsterinsights_sitenote_active":false,"_monsterinsights_sitenote_note":"","_monsterinsights_sitenote_category":0,"footnotes":""},"categories":[2],"tags":[],"class_list":["post-67762","post","type-post","status-publish","format-standard","has-post-thumbnail","hentry","category-news","category-2","description-off"],"_links":{"self":[{"href":"https:\/\/radiokfor.com\/1\/wp-json\/wp\/v2\/posts\/67762","targetHints":{"allow":["GET"]}}],"collection":[{"href":"https:\/\/radiokfor.com\/1\/wp-json\/wp\/v2\/posts"}],"about":[{"href":"https:\/\/radiokfor.com\/1\/wp-json\/wp\/v2\/types\/post"}],"author":[{"embeddable":true,"href":"https:\/\/radiokfor.com\/1\/wp-json\/wp\/v2\/users\/3"}],"replies":[{"embeddable":true,"href":"https:\/\/radiokfor.com\/1\/wp-json\/wp\/v2\/comments?post=67762"}],"version-history":[{"count":2,"href":"https:\/\/radiokfor.com\/1\/wp-json\/wp\/v2\/posts\/67762\/revisions"}],"predecessor-version":[{"id":67765,"href":"https:\/\/radiokfor.com\/1\/wp-json\/wp\/v2\/posts\/67762\/revisions\/67765"}],"wp:featuredmedia":[{"embeddable":true,"href":"https:\/\/radiokfor.com\/1\/wp-json\/wp\/v2\/media\/67763"}],"wp:attachment":[{"href":"https:\/\/radiokfor.com\/1\/wp-json\/wp\/v2\/media?parent=67762"}],"wp:term":[{"taxonomy":"category","embeddable":true,"href":"https:\/\/radiokfor.com\/1\/wp-json\/wp\/v2\/categories?post=67762"},{"taxonomy":"post_tag","embeddable":true,"href":"https:\/\/radiokfor.com\/1\/wp-json\/wp\/v2\/tags?post=67762"}],"curies":[{"name":"wp","href":"https:\/\/api.w.org\/{rel}","templated":true}]}}