{"id":67464,"date":"2023-05-05T06:02:14","date_gmt":"2023-05-05T04:02:14","guid":{"rendered":"https:\/\/radiokfor.com\/1\/?p=67464"},"modified":"2023-05-03T15:45:33","modified_gmt":"2023-05-03T13:45:33","slug":"vesak-dita-qe-kremton-paqen-e-brendshme-dhe-te-jashtme-te-cdo-njeriu","status":"publish","type":"post","link":"https:\/\/radiokfor.com\/1\/vesak-dita-qe-kremton-paqen-e-brendshme-dhe-te-jashtme-te-cdo-njeriu\/","title":{"rendered":"Vesak &#8211; dita q\u00eb kremton paqen e brendshme dhe t\u00eb jashtme t\u00eb \u00e7do njeriu"},"content":{"rendered":"<p>Ka qen\u00eb data 15 dhjetor e vitit 1999, kur Kombet e Bashkuara njoh\u00ebn \u201cDit\u00ebn Nd\u00ebrkomb\u00ebtare t\u00eb Vesak-ut\u201d ose \u201cDit\u00ebn e H\u00ebn\u00ebs s\u00eb Plot\u00eb\u201d, si dit\u00eb q\u00eb z\u00eb vend n\u00eb kalendarin e ngjarjeve t\u00eb sh\u00ebnuara.\u00a0 Vesak-u, nj\u00eb nga festat m\u00eb t\u00eb r\u00ebnd\u00ebsishme n\u00eb kalendarin budist, e cila sh\u00ebnohet sot (05.05.23), sh\u00ebnon tri ngjarje t\u00eb r\u00ebnd\u00ebsishme n\u00eb jet\u00ebn e Bud\u00ebs: lindjen, ndri\u00e7imin dhe vdekjen.<\/p>\n<p>\u201cDita e Vesak-ut\u201d sh\u00ebnohet n\u00eb dit\u00ebn e h\u00ebn\u00ebs s\u00eb plot\u00eb, t\u00eb muajit t\u00eb pest\u00eb t\u00eb kalendarit lunar dhe kjo dat\u00eb ndryshon vazhdimisht, duke ndryshuar n\u00eb var\u00ebsi t\u00eb vendit dhe tradit\u00ebs. N\u00eb Azi, ekzistojn\u00eb kalendar\u00eb h\u00ebnor t\u00eb ndrysh\u00ebm, q\u00eb num\u00ebrojn\u00eb muajt ndryshe, por muaji gjat\u00eb t\u00eb cilit \u00ebsht\u00eb v\u00ebrejtur \u201cVesak-u\u201d zakonisht p\u00ebrputhet me muajin maj. Kjo dit\u00eb festohet n\u00eb t\u00eb gjith\u00eb bot\u00ebn nga budist\u00ebt dhe \u00a0p\u00ebrcillet me rituale e ceremoni t\u00eb ndryshme, si p\u00ebrkujtim i Bud\u00ebs dhe m\u00ebsimeve t\u00eb tij. Gjithashtu, n\u00eb k\u00ebt\u00eb dit\u00eb, disa besimtar\u00eb vizitojn\u00eb tempujt dhe marrin pjes\u00eb n\u00eb ceremoni q\u00eb kujtojn\u00eb jet\u00ebn e Bud\u00ebs.<\/p>\n<p>N\u00eb \u201cDit\u00ebn e H\u00ebn\u00ebs s\u00eb Plot\u00eb\u201d, kremtohet kontributi i Budizmit si fuqi shpirt\u00ebrore e jet\u00ebs s\u00eb p\u00ebrditshme, p\u00ebr paqen e brendshme dhe t\u00eb jashtme.<\/p>\n","protected":false},"excerpt":{"rendered":"<p>Ka qen\u00eb data 15 dhjetor e vitit 1999, kur Kombet e Bashkuara njoh\u00ebn \u201cDit\u00ebn Nd\u00ebrkomb\u00ebtare t\u00eb Vesak-ut\u201d ose \u201cDit\u00ebn e H\u00ebn\u00ebs s\u00eb Plot\u00eb\u201d, si dit\u00eb q\u00eb z\u00eb vend n\u00eb kalendarin e ngjarjeve t\u00eb sh\u00ebnuara.\u00a0 Vesak-u, nj\u00eb nga festat m\u00eb t\u00eb r\u00ebnd\u00ebsishme n\u00eb kalendarin budist, e cila sh\u00ebnohet sot (05.05.23), sh\u00ebnon tri ngjarje t\u00eb r\u00ebnd\u00ebsishme n\u00eb&hellip;<\/p>\n","protected":false},"author":3,"featured_media":67465,"comment_status":"closed","ping_status":"closed","sticky":false,"template":"","format":"standard","meta":{"_monsterinsights_skip_tracking":false,"_monsterinsights_sitenote_active":false,"_monsterinsights_sitenote_note":"","_monsterinsights_sitenote_category":0,"footnotes":""},"categories":[2],"tags":[],"class_list":["post-67464","post","type-post","status-publish","format-standard","has-post-thumbnail","hentry","category-news","category-2","description-off"],"_links":{"self":[{"href":"https:\/\/radiokfor.com\/1\/wp-json\/wp\/v2\/posts\/67464","targetHints":{"allow":["GET"]}}],"collection":[{"href":"https:\/\/radiokfor.com\/1\/wp-json\/wp\/v2\/posts"}],"about":[{"href":"https:\/\/radiokfor.com\/1\/wp-json\/wp\/v2\/types\/post"}],"author":[{"embeddable":true,"href":"https:\/\/radiokfor.com\/1\/wp-json\/wp\/v2\/users\/3"}],"replies":[{"embeddable":true,"href":"https:\/\/radiokfor.com\/1\/wp-json\/wp\/v2\/comments?post=67464"}],"version-history":[{"count":1,"href":"https:\/\/radiokfor.com\/1\/wp-json\/wp\/v2\/posts\/67464\/revisions"}],"predecessor-version":[{"id":67466,"href":"https:\/\/radiokfor.com\/1\/wp-json\/wp\/v2\/posts\/67464\/revisions\/67466"}],"wp:featuredmedia":[{"embeddable":true,"href":"https:\/\/radiokfor.com\/1\/wp-json\/wp\/v2\/media\/67465"}],"wp:attachment":[{"href":"https:\/\/radiokfor.com\/1\/wp-json\/wp\/v2\/media?parent=67464"}],"wp:term":[{"taxonomy":"category","embeddable":true,"href":"https:\/\/radiokfor.com\/1\/wp-json\/wp\/v2\/categories?post=67464"},{"taxonomy":"post_tag","embeddable":true,"href":"https:\/\/radiokfor.com\/1\/wp-json\/wp\/v2\/tags?post=67464"}],"curies":[{"name":"wp","href":"https:\/\/api.w.org\/{rel}","templated":true}]}}