{"id":67458,"date":"2023-05-03T12:15:55","date_gmt":"2023-05-03T10:15:55","guid":{"rendered":"https:\/\/radiokfor.com\/1\/?p=67458"},"modified":"2023-05-03T12:15:55","modified_gmt":"2023-05-03T10:15:55","slug":"shenohet-sot-dita-boterore-e-lirise-se-shtypit","status":"publish","type":"post","link":"https:\/\/radiokfor.com\/1\/shenohet-sot-dita-boterore-e-lirise-se-shtypit\/","title":{"rendered":"Sh\u00ebnohet sot \u2018Dita Bot\u00ebrore e Liris\u00eb s\u00eb Shtypit\u2019"},"content":{"rendered":"<p>\u2018Dita Bot\u00ebrore e Liris\u00eb s\u00eb Shtypit\u2019 an\u00eb e mban\u00eb bot\u00ebs festohet \u00e7do vit, me dat\u00ebn 3 maj. K\u00ebt\u00eb vit sh\u00ebnohet 30-vjetori i k\u00ebsaj dite nd\u00ebrkomb\u00ebtare, e shpallur nga OKB. Tema e sivjetme e p\u00ebrcaktuar nga UNESCO e cila sh\u00ebnon k\u00ebt\u00eb dit\u00eb, \u00ebsht\u00eb \u201cFormimi i nj\u00eb t\u00eb ardhmeje t\u00eb t\u00eb drejtave: Liria e shprehjes si shtyt\u00ebs p\u00ebr t\u00eb gjitha t\u00eb drejtat tjera t\u00eb njeriut.\u201d<\/p>\n<p>\u00c7do vit q\u00eb nga viti 1997, UNESCO nderon me \u2018\u00c7mim Bot\u00ebror t\u00eb Liris\u00eb s\u00eb Medias, Guillermo Cano\u2019, pun\u00ebn e nj\u00eb individi apo t\u00eb nj\u00eb organizate p\u00ebr t\u00eb mbrojtur apo promovuar lirin\u00eb e shprehjes, ve\u00e7an\u00ebrisht n\u00eb qoft\u00eb se ajo e v\u00eb jet\u00ebn e individit n\u00eb rrezik.<\/p>\n<p>Edhe n\u00eb Kosov\u00eb Asociacioni i Gazetar\u00ebve t\u00eb Kosov\u00ebs (AGK), sot m\u00eb 3 maj, do t\u00eb sh\u00ebnoj \u2018Dit\u00ebn Bot\u00ebrore t\u00eb Liris\u00eb s\u00eb Shtypit\u2019.\u00a0 AGK do t\u00eb organizoj disa aktivitete me q\u00ebllim t\u00eb ngritjes s\u00eb vet\u00ebdijes p\u00ebr r\u00ebnd\u00ebsin\u00eb e liris\u00eb s\u00eb medias dhe respektimit t\u00eb liris\u00eb s\u00eb shprehjes. \u201cProtect Journalists, Defend the Truth (Mbroni gazetar\u00ebt, mbroni t\u00eb v\u00ebrtet\u00ebn\u201d, \u00ebsht\u00eb kjo motoja e kampanj\u00ebs s\u00eb Asociacionit t\u00eb Gazetar\u00ebve t\u00eb Kosov\u00ebs p\u00ebr sh\u00ebnimin e \u2018Dit\u00ebs Bot\u00ebrore t\u00eb Liris\u00eb s\u00eb Shtypit\u2019, k\u00ebt\u00eb vit.<\/p>\n","protected":false},"excerpt":{"rendered":"<p>\u2018Dita Bot\u00ebrore e Liris\u00eb s\u00eb Shtypit\u2019 an\u00eb e mban\u00eb bot\u00ebs festohet \u00e7do vit, me dat\u00ebn 3 maj. K\u00ebt\u00eb vit sh\u00ebnohet 30-vjetori i k\u00ebsaj dite nd\u00ebrkomb\u00ebtare, e shpallur nga OKB. Tema e sivjetme e p\u00ebrcaktuar nga UNESCO e cila sh\u00ebnon k\u00ebt\u00eb dit\u00eb, \u00ebsht\u00eb \u201cFormimi i nj\u00eb t\u00eb ardhmeje t\u00eb t\u00eb drejtave: Liria e shprehjes si shtyt\u00ebs&hellip;<\/p>\n","protected":false},"author":3,"featured_media":67459,"comment_status":"closed","ping_status":"closed","sticky":false,"template":"","format":"standard","meta":{"_monsterinsights_skip_tracking":false,"_monsterinsights_sitenote_active":false,"_monsterinsights_sitenote_note":"","_monsterinsights_sitenote_category":0,"footnotes":""},"categories":[2],"tags":[],"class_list":["post-67458","post","type-post","status-publish","format-standard","has-post-thumbnail","hentry","category-news","category-2","description-off"],"_links":{"self":[{"href":"https:\/\/radiokfor.com\/1\/wp-json\/wp\/v2\/posts\/67458","targetHints":{"allow":["GET"]}}],"collection":[{"href":"https:\/\/radiokfor.com\/1\/wp-json\/wp\/v2\/posts"}],"about":[{"href":"https:\/\/radiokfor.com\/1\/wp-json\/wp\/v2\/types\/post"}],"author":[{"embeddable":true,"href":"https:\/\/radiokfor.com\/1\/wp-json\/wp\/v2\/users\/3"}],"replies":[{"embeddable":true,"href":"https:\/\/radiokfor.com\/1\/wp-json\/wp\/v2\/comments?post=67458"}],"version-history":[{"count":1,"href":"https:\/\/radiokfor.com\/1\/wp-json\/wp\/v2\/posts\/67458\/revisions"}],"predecessor-version":[{"id":67460,"href":"https:\/\/radiokfor.com\/1\/wp-json\/wp\/v2\/posts\/67458\/revisions\/67460"}],"wp:featuredmedia":[{"embeddable":true,"href":"https:\/\/radiokfor.com\/1\/wp-json\/wp\/v2\/media\/67459"}],"wp:attachment":[{"href":"https:\/\/radiokfor.com\/1\/wp-json\/wp\/v2\/media?parent=67458"}],"wp:term":[{"taxonomy":"category","embeddable":true,"href":"https:\/\/radiokfor.com\/1\/wp-json\/wp\/v2\/categories?post=67458"},{"taxonomy":"post_tag","embeddable":true,"href":"https:\/\/radiokfor.com\/1\/wp-json\/wp\/v2\/tags?post=67458"}],"curies":[{"name":"wp","href":"https:\/\/api.w.org\/{rel}","templated":true}]}}