{"id":67453,"date":"2023-05-04T06:01:01","date_gmt":"2023-05-04T04:01:01","guid":{"rendered":"https:\/\/radiokfor.com\/1\/?p=67453"},"modified":"2023-05-02T15:26:16","modified_gmt":"2023-05-02T13:26:16","slug":"miredita-dobar-dan-festival-i-shkembimeve-kulturore","status":"publish","type":"post","link":"https:\/\/radiokfor.com\/1\/miredita-dobar-dan-festival-i-shkembimeve-kulturore\/","title":{"rendered":"\u2018Mir\u00ebdita, dobar dan\u2019, festival i shk\u00ebmbimeve kulturore"},"content":{"rendered":"<p>Nga data e sotme 4 maj, deri m\u00eb 6 maj, do t\u00eb mbahet edicioni i dhjet\u00eb jubilar i festivalit shumetnik \u2018Mir\u00ebdita, dobar dan\u2019. Festivali n\u00eb fjal\u00eb ka p\u00ebr q\u00ebllim t\u00eb bashkoj njer\u00ebzit p\u00ebrmes artit, kultur\u00ebs, avokimit dhe debatit publik, n\u00eb nj\u00eb platform\u00eb t\u00eb vetme, e cila e b\u00ebn k\u00ebt\u00eb festival unik t\u00eb k\u00ebtij lloji. Ky festival ka p\u00ebr q\u00ebllim edhe t\u00eb pasuroj perspektivat regjionale, t\u00eb nxis\u00eb bashk\u00ebpunimin dhe nd\u00ebrtimin e paqes, n\u00ebp\u00ebrmes shk\u00ebmbimeve kulturore.<\/p>\n<p>Festivali \u2018Mir\u00ebdita, dobar dan\u2019, hapet sot dhe sikurse edhe vitet e kaluara, edhe k\u00ebt\u00eb vit \u00ebsht\u00eb i ngjeshur me aktivitete t\u00eb shumta. Sot (4 maj), nga ora 18:00, n\u00eb ambientet e Kino ABC-s\u00eb n\u00eb Prishtin\u00eb, do t\u00eb b\u00ebhet hapja e festivalit, me shfaqjen e filmit \u2018Si m\u00ebsova t\u00eb fluturoj\u2019 nga Radivoje Andric. Aktivitetet kulturore vazhdojn\u00eb edhe n\u00eb dat\u00ebn 5 maj, nd\u00ebrsa me dat\u00ebn 6 maj, do t\u00eb b\u00ebhet p\u00ebrmbyllja e festivalit me disa debate, nj\u00eb promovim t\u00eb librit dhe nj\u00eb performanc\u00eb nga Dj Flip, nga ora 21:00, n\u00eb Bubble Bar n\u00eb Prishtin\u00eb.<\/p>\n","protected":false},"excerpt":{"rendered":"<p>Nga data e sotme 4 maj, deri m\u00eb 6 maj, do t\u00eb mbahet edicioni i dhjet\u00eb jubilar i festivalit shumetnik \u2018Mir\u00ebdita, dobar dan\u2019. Festivali n\u00eb fjal\u00eb ka p\u00ebr q\u00ebllim t\u00eb bashkoj njer\u00ebzit p\u00ebrmes artit, kultur\u00ebs, avokimit dhe debatit publik, n\u00eb nj\u00eb platform\u00eb t\u00eb vetme, e cila e b\u00ebn k\u00ebt\u00eb festival unik t\u00eb k\u00ebtij lloji. Ky&hellip;<\/p>\n","protected":false},"author":3,"featured_media":67454,"comment_status":"closed","ping_status":"closed","sticky":false,"template":"","format":"standard","meta":{"_monsterinsights_skip_tracking":false,"_monsterinsights_sitenote_active":false,"_monsterinsights_sitenote_note":"","_monsterinsights_sitenote_category":0,"footnotes":""},"categories":[2],"tags":[],"class_list":["post-67453","post","type-post","status-publish","format-standard","has-post-thumbnail","hentry","category-news","category-2","description-off"],"_links":{"self":[{"href":"https:\/\/radiokfor.com\/1\/wp-json\/wp\/v2\/posts\/67453","targetHints":{"allow":["GET"]}}],"collection":[{"href":"https:\/\/radiokfor.com\/1\/wp-json\/wp\/v2\/posts"}],"about":[{"href":"https:\/\/radiokfor.com\/1\/wp-json\/wp\/v2\/types\/post"}],"author":[{"embeddable":true,"href":"https:\/\/radiokfor.com\/1\/wp-json\/wp\/v2\/users\/3"}],"replies":[{"embeddable":true,"href":"https:\/\/radiokfor.com\/1\/wp-json\/wp\/v2\/comments?post=67453"}],"version-history":[{"count":2,"href":"https:\/\/radiokfor.com\/1\/wp-json\/wp\/v2\/posts\/67453\/revisions"}],"predecessor-version":[{"id":67457,"href":"https:\/\/radiokfor.com\/1\/wp-json\/wp\/v2\/posts\/67453\/revisions\/67457"}],"wp:featuredmedia":[{"embeddable":true,"href":"https:\/\/radiokfor.com\/1\/wp-json\/wp\/v2\/media\/67454"}],"wp:attachment":[{"href":"https:\/\/radiokfor.com\/1\/wp-json\/wp\/v2\/media?parent=67453"}],"wp:term":[{"taxonomy":"category","embeddable":true,"href":"https:\/\/radiokfor.com\/1\/wp-json\/wp\/v2\/categories?post=67453"},{"taxonomy":"post_tag","embeddable":true,"href":"https:\/\/radiokfor.com\/1\/wp-json\/wp\/v2\/tags?post=67453"}],"curies":[{"name":"wp","href":"https:\/\/api.w.org\/{rel}","templated":true}]}}