{"id":67440,"date":"2023-05-01T06:00:41","date_gmt":"2023-05-01T04:00:41","guid":{"rendered":"https:\/\/radiokfor.com\/1\/?p=67440"},"modified":"2023-04-28T12:56:13","modified_gmt":"2023-04-28T10:56:13","slug":"java-e-pare-e-muajit-maj-me-aktivitete-te-shumta-kulturore","status":"publish","type":"post","link":"https:\/\/radiokfor.com\/1\/java-e-pare-e-muajit-maj-me-aktivitete-te-shumta-kulturore\/","title":{"rendered":"Java e par\u00eb e muajit maj, me aktivitete t\u00eb shumta kulturore"},"content":{"rendered":"<p>Edhe muaji maj, po sjell p\u00ebr publikun ngjarje t\u00eb shumta kulturore q\u00eb p\u00ebrfshijn\u00eb fusha t\u00eb ndryshme t\u00eb artit n\u00eb vend.<\/p>\n<p>Pas shum\u00eb vitesh pauz\u00eb, n\u00eb Prishtin\u00eb organizohet s\u00ebrish festivali tashm\u00eb tradicional i muzik\u00ebs jazz, \u2018Prishtina Jazz Festival\u2019. N\u00ebn patronatin e Komun\u00ebs s\u00eb Prishtin\u00ebs, Drejtoria e Kultur\u00ebs do t\u2019ju prezantoj\u00eb muzikant\u00eb t\u00eb njohur nga bota e Jazz-it si: Brian Marsella, Kenny Wollesen, Trevor Dunn, Derya T\u00fcrkan, Sara Decker, Jeroen Truyen, Billy Test, Nicolai Amrehn, Enver Muhamedi and Kamil Cenk. Prishtina Jazz Orchestra do t\u00eb performoj\u00eb po ashtu n\u00eb festival me 18 an\u00ebtar\u00eb me muzikant\u00ebt m\u00eb t\u00eb mir\u00eb t\u00eb Ballkanit. Koncertet do t\u00eb mbahen me datat 3 dhe 4 maj, n\u00eb Teatrin Oda dhe me 5 dhe 6 maj, n\u00eb Kino Armata.<\/p>\n<p>Shfaqjet teatrore feministe \u201cOlympe et Moi\u201d dhe \u201cJogging\u201d, do t\u00eb vijn\u00eb risi p\u00ebr publikun, n\u00eb kuad\u00ebr t\u00eb edicionin t\u00eb sivjetm\u00eb t\u00eb festivalit FemArt. Shfaqjet do t\u00eb shfaqen n\u00eb Prishtin\u00eb, me dat\u00ebn 17 maj, n\u00eb Teatrin Dodona, nga ora 19:00 dhe n\u00eb Mitrovic\u00eb, n\u00eb Muzeun e Qytetit, me dat\u00ebn 19 maj, nga ora 19:00.<\/p>\n<p>Edicioni i dhjet\u00eb jubilar i festivalit \u201cMir\u00ebdita, dobar dan!\u201d, ngjarje kjo q\u00eb organizohet n\u00eb Prishtin\u00eb dhe Beograd, do t\u00eb mbahet k\u00ebt\u00eb vit nga data 4 deri m\u00eb 6 maj n\u00eb Kosov\u00eb, me prezantimin e sken\u00ebs kulturore, artistike, e shoq\u00ebrore t\u00eb Serbis\u00eb dhe Kosov\u00ebs.<\/p>\n","protected":false},"excerpt":{"rendered":"<p>Edhe muaji maj, po sjell p\u00ebr publikun ngjarje t\u00eb shumta kulturore q\u00eb p\u00ebrfshijn\u00eb fusha t\u00eb ndryshme t\u00eb artit n\u00eb vend. Pas shum\u00eb vitesh pauz\u00eb, n\u00eb Prishtin\u00eb organizohet s\u00ebrish festivali tashm\u00eb tradicional i muzik\u00ebs jazz, \u2018Prishtina Jazz Festival\u2019. N\u00ebn patronatin e Komun\u00ebs s\u00eb Prishtin\u00ebs, Drejtoria e Kultur\u00ebs do t\u2019ju prezantoj\u00eb muzikant\u00eb t\u00eb njohur nga bota e&hellip;<\/p>\n","protected":false},"author":3,"featured_media":67441,"comment_status":"closed","ping_status":"closed","sticky":false,"template":"","format":"standard","meta":{"_monsterinsights_skip_tracking":false,"_monsterinsights_sitenote_active":false,"_monsterinsights_sitenote_note":"","_monsterinsights_sitenote_category":0,"footnotes":""},"categories":[2],"tags":[],"class_list":["post-67440","post","type-post","status-publish","format-standard","has-post-thumbnail","hentry","category-news","category-2","description-off"],"_links":{"self":[{"href":"https:\/\/radiokfor.com\/1\/wp-json\/wp\/v2\/posts\/67440","targetHints":{"allow":["GET"]}}],"collection":[{"href":"https:\/\/radiokfor.com\/1\/wp-json\/wp\/v2\/posts"}],"about":[{"href":"https:\/\/radiokfor.com\/1\/wp-json\/wp\/v2\/types\/post"}],"author":[{"embeddable":true,"href":"https:\/\/radiokfor.com\/1\/wp-json\/wp\/v2\/users\/3"}],"replies":[{"embeddable":true,"href":"https:\/\/radiokfor.com\/1\/wp-json\/wp\/v2\/comments?post=67440"}],"version-history":[{"count":2,"href":"https:\/\/radiokfor.com\/1\/wp-json\/wp\/v2\/posts\/67440\/revisions"}],"predecessor-version":[{"id":67443,"href":"https:\/\/radiokfor.com\/1\/wp-json\/wp\/v2\/posts\/67440\/revisions\/67443"}],"wp:featuredmedia":[{"embeddable":true,"href":"https:\/\/radiokfor.com\/1\/wp-json\/wp\/v2\/media\/67441"}],"wp:attachment":[{"href":"https:\/\/radiokfor.com\/1\/wp-json\/wp\/v2\/media?parent=67440"}],"wp:term":[{"taxonomy":"category","embeddable":true,"href":"https:\/\/radiokfor.com\/1\/wp-json\/wp\/v2\/categories?post=67440"},{"taxonomy":"post_tag","embeddable":true,"href":"https:\/\/radiokfor.com\/1\/wp-json\/wp\/v2\/tags?post=67440"}],"curies":[{"name":"wp","href":"https:\/\/api.w.org\/{rel}","templated":true}]}}